{"id":116,"date":"2007-10-08T11:28:41","date_gmt":"2007-10-08T09:28:41","guid":{"rendered":"http:\/\/www.woydt.be\/blog\/?p=116"},"modified":"2024-07-14T14:41:25","modified_gmt":"2024-07-14T13:41:25","slug":"conversation","status":"publish","type":"post","link":"https:\/\/www.woydt.be\/blog\/?p=116","title":{"rendered":"Conversation"},"content":{"rendered":"<p>&#8220;Cette agr\u00e9able l\u00e9g\u00e8ret\u00e9, qui fait prononcer sur ce qu&#8217;on ignore, peut avoir de l&#8217;\u00e9l\u00e9gance quand on parle, mais non quand on <a href=\"https:\/\/www.woydt.be\/blog\/?p=181\">\u00e9crit<\/a>. Les <a href=\"https:\/\/www.woydt.be\/blog\/?p=61\">Allemands<\/a> ont le tort de mettre souvent dans la conversation ce qui ne convient qu&#8217;aux <a href=\"https:\/\/www.woydt.be\/blog\/?p=53\">livres<\/a>; les Fran\u00e7ais ont quelquefois aussi celui de mettre dans les livres ce qui ne convient qu&#8217;\u00e0 la conversation &#8230;&#8221;<\/p>\n<p>&#8220;Un Fran\u00e7ais sait encore <a href=\"https:\/\/www.woydt.be\/blog\/?p=2563\">parler<\/a>, lors m\u00eame qu&#8217;il n&#8217;a point d&#8217;<a href=\"https:\/\/www.woydt.be\/blog\/?p=102\">id\u00e9es<\/a> ; un Allemand en a toujours dans sa t\u00eate un peu plus qu&#8217;il n&#8217;en saurait exprimer. &#8230;&#8221;<\/p>\n<p>&#8220;Les Allemands &#8230; n&#8217;entendent pas un <a href=\"https:\/\/www.woydt.be\/blog\/?p=217\">mot<\/a> sans en tirer une <a href=\"https:\/\/www.woydt.be\/blog\/?p=372\">cons\u00e9quence<\/a>, et ne con\u00e7oivent pas qu&#8217;on puisse traiter la parole en <a href=\"https:\/\/www.woydt.be\/blog\/?p=119\">ar<\/a>t <a href=\"https:\/\/www.woydt.be\/blog\/?p=457\">lib\u00e9ral<\/a>, qui n&#8217;a ni but ni r\u00e9sultat que le plaisir qu&#8217;on y trouve. &#8230;&#8221;<\/p>\n<p>&#8220;Le talent de conter, l&#8217;un des grandes charmes de la conversation, est tr\u00e8s rare en Allemagne; les auditeurs y sont trop complaisants, ils ne s&#8217;<a href=\"https:\/\/www.woydt.be\/blog\/?p=120\">ennuient<\/a> pas assez vite, et les conteurs, se fiant \u00e0 la patience des <a href=\"https:\/\/www.woydt.be\/blog\/?p=220\">auditeurs<\/a>, s&#8217;\u00e9tablissent trop \u00e0 leur aise dans les r\u00e9cits.&#8221;<\/p>\n<blockquote><p>aus: Mme. de Stael: De l&#8217;Allemagne. Bd.1, Paris: Garnier-Flammarion 1968, S. 47, 99, 103, 109 (<a href=\"https:\/\/www.woydt.be\/blog\/?p=161\">Original<\/a>ausgabe 1813)<\/p><\/blockquote>\n<p style=\"text-align: right;\">08\/05<\/p>\n","protected":false},"excerpt":{"rendered":"<p>&#8220;Cette agr\u00e9able l\u00e9g\u00e8ret\u00e9, qui fait prononcer sur ce qu&#8217;on ignore, peut avoir de l&#8217;\u00e9l\u00e9gance quand on parle, mais non quand on \u00e9crit. Les Allemands ont le tort de mettre souvent dans la conversation ce qui ne convient qu&#8217;aux livres; les Fran\u00e7ais ont quelquefois aussi celui de mettre dans les livres ce qui ne convient qu&#8217;\u00e0 [&hellip;]<\/p>\n","protected":false},"author":1,"featured_media":0,"comment_status":"closed","ping_status":"closed","sticky":false,"template":"","format":"standard","meta":[],"categories":[8,3],"tags":[],"_links":{"self":[{"href":"https:\/\/www.woydt.be\/blog\/index.php?rest_route=\/wp\/v2\/posts\/116"}],"collection":[{"href":"https:\/\/www.woydt.be\/blog\/index.php?rest_route=\/wp\/v2\/posts"}],"about":[{"href":"https:\/\/www.woydt.be\/blog\/index.php?rest_route=\/wp\/v2\/types\/post"}],"author":[{"embeddable":true,"href":"https:\/\/www.woydt.be\/blog\/index.php?rest_route=\/wp\/v2\/users\/1"}],"replies":[{"embeddable":true,"href":"https:\/\/www.woydt.be\/blog\/index.php?rest_route=%2Fwp%2Fv2%2Fcomments&post=116"}],"version-history":[{"count":4,"href":"https:\/\/www.woydt.be\/blog\/index.php?rest_route=\/wp\/v2\/posts\/116\/revisions"}],"predecessor-version":[{"id":5176,"href":"https:\/\/www.woydt.be\/blog\/index.php?rest_route=\/wp\/v2\/posts\/116\/revisions\/5176"}],"wp:attachment":[{"href":"https:\/\/www.woydt.be\/blog\/index.php?rest_route=%2Fwp%2Fv2%2Fmedia&parent=116"}],"wp:term":[{"taxonomy":"category","embeddable":true,"href":"https:\/\/www.woydt.be\/blog\/index.php?rest_route=%2Fwp%2Fv2%2Fcategories&post=116"},{"taxonomy":"post_tag","embeddable":true,"href":"https:\/\/www.woydt.be\/blog\/index.php?rest_route=%2Fwp%2Fv2%2Ftags&post=116"}],"curies":[{"name":"wp","href":"https:\/\/api.w.org\/{rel}","templated":true}]}}