{"id":136,"date":"2007-10-08T20:45:28","date_gmt":"2007-10-08T18:45:28","guid":{"rendered":"http:\/\/www.woydt.be\/blog\/?p=136"},"modified":"2024-07-14T14:37:39","modified_gmt":"2024-07-14T13:37:39","slug":"medienrealitat","status":"publish","type":"post","link":"https:\/\/www.woydt.be\/blog\/?p=136","title":{"rendered":"Medienrealit\u00e4t"},"content":{"rendered":"<p><img class=\"size-full wp-image-3834 aligncenter\" src=\"https:\/\/www.woydt.be\/blog\/wp-content\/uploads\/2007\/10\/wilchar-leur-culture.png\" alt=\"\" width=\"80%\" srcset=\"https:\/\/www.woydt.be\/blog\/wp-content\/uploads\/2007\/10\/wilchar-leur-culture.png 872w, https:\/\/www.woydt.be\/blog\/wp-content\/uploads\/2007\/10\/wilchar-leur-culture-300x249.png 300w, https:\/\/www.woydt.be\/blog\/wp-content\/uploads\/2007\/10\/wilchar-leur-culture-768x639.png 768w\" sizes=\"(max-width: 872px) 100vw, 872px\" \/><\/p>\n<p>&#8220;Es ist schwer und m\u00fchsam geworden, die <a href=\"https:\/\/www.woydt.be\/blog\/?p=97\">Sachverhalte zu kl\u00e4ren<\/a>. Aber die <a href=\"https:\/\/www.woydt.be\/blog\/?p=157\">Fakten<\/a> haben sich im Medienschein nicht <a href=\"https:\/\/www.woydt.be\/blog\/?p=217\">aufgel\u00f6st<\/a>. &#8230; Einen anderen Zugang zur Welt im ganzen als den durch die Medien haben wir nicht. &#8230; Das Gro\u00dfbild l\u00e4\u00dft sich im ganzen und in vielen seiner Teile an den Mikro-Bildern von der Welt messen, die wir selbst doppelt erfahren, als Teilnehmer der Ereignisse und als Medienkonsumenten. Wer zum Beispiel gelegentlich l\u00e4ngeren <a href=\"https:\/\/www.woydt.be\/blog\/?p=62\">Debatten<\/a> selbst beiwohnte, bevor er dann die Fernseh- oder <a href=\"https:\/\/www.woydt.be\/blog\/?p=232\">Zeitungs<\/a>ausschnitte \u00fcber sie sah, wer selber einige <a href=\"https:\/\/www.woydt.be\/blog\/?p=218\">Zeit<\/a> in Tansania, Indien oder Niederschelden lebte, in einer <a href=\"https:\/\/www.woydt.be\/blog\/?p=226\">Partei<\/a>, B\u00fcrgerinitiative oder Hausbesetzergruppe mitgemacht hat und gleichzeitig die gew\u00f6hnlichen Medienbilder von ihnen empfing, lebt nie mehr ganz in der Welt, die in den Medien entsteht.&#8221;<\/p>\n<blockquote><p>aus: Thomas Meyer: Die Inszenierung des <a href=\"https:\/\/www.woydt.be\/blog\/?p=35\">Scheins<\/a>. Frankfurt(Main): Suhrkamp 1992, S.116\/117<\/p>\n<p>Abb.: Wilchar: Leur culture, o.J., in: Wilchar Superstar, Austellungskatalog Gent 2001, S.43<\/p><\/blockquote>\n","protected":false},"excerpt":{"rendered":"<p>&#8220;Es ist schwer und m\u00fchsam geworden, die Sachverhalte zu kl\u00e4ren. Aber die Fakten haben sich im Medienschein nicht aufgel\u00f6st. &#8230; Einen anderen Zugang zur Welt im ganzen als den durch die Medien haben wir nicht. &#8230; Das Gro\u00dfbild l\u00e4\u00dft sich im ganzen und in vielen seiner Teile an den Mikro-Bildern von der Welt messen, die [&hellip;]<\/p>\n","protected":false},"author":1,"featured_media":0,"comment_status":"closed","ping_status":"closed","sticky":false,"template":"","format":"standard","meta":[],"categories":[6,3],"tags":[],"_links":{"self":[{"href":"https:\/\/www.woydt.be\/blog\/index.php?rest_route=\/wp\/v2\/posts\/136"}],"collection":[{"href":"https:\/\/www.woydt.be\/blog\/index.php?rest_route=\/wp\/v2\/posts"}],"about":[{"href":"https:\/\/www.woydt.be\/blog\/index.php?rest_route=\/wp\/v2\/types\/post"}],"author":[{"embeddable":true,"href":"https:\/\/www.woydt.be\/blog\/index.php?rest_route=\/wp\/v2\/users\/1"}],"replies":[{"embeddable":true,"href":"https:\/\/www.woydt.be\/blog\/index.php?rest_route=%2Fwp%2Fv2%2Fcomments&post=136"}],"version-history":[{"count":4,"href":"https:\/\/www.woydt.be\/blog\/index.php?rest_route=\/wp\/v2\/posts\/136\/revisions"}],"predecessor-version":[{"id":5165,"href":"https:\/\/www.woydt.be\/blog\/index.php?rest_route=\/wp\/v2\/posts\/136\/revisions\/5165"}],"wp:attachment":[{"href":"https:\/\/www.woydt.be\/blog\/index.php?rest_route=%2Fwp%2Fv2%2Fmedia&parent=136"}],"wp:term":[{"taxonomy":"category","embeddable":true,"href":"https:\/\/www.woydt.be\/blog\/index.php?rest_route=%2Fwp%2Fv2%2Fcategories&post=136"},{"taxonomy":"post_tag","embeddable":true,"href":"https:\/\/www.woydt.be\/blog\/index.php?rest_route=%2Fwp%2Fv2%2Ftags&post=136"}],"curies":[{"name":"wp","href":"https:\/\/api.w.org\/{rel}","templated":true}]}}