{"id":138,"date":"2007-10-08T20:46:15","date_gmt":"2007-10-08T18:46:15","guid":{"rendered":"http:\/\/www.woydt.be\/blog\/?p=138"},"modified":"2024-07-14T14:35:29","modified_gmt":"2024-07-14T13:35:29","slug":"opinion","status":"publish","type":"post","link":"https:\/\/www.woydt.be\/blog\/?p=138","title":{"rendered":"Opinion 1"},"content":{"rendered":"<p align=\"right\">(<a href=\"https:\/\/www.woydt.be\/blog\/?p=139\">DE<\/a>)<\/p>\n<p>&#8220;Entre ceux qui adh\u00e8rent \u00e0 un <a href=\"https:\/\/www.woydt.be\/blog\/?p=226\">parti<\/a> parce qu&#8217;ils en partagent les id\u00e9aux et ceux qui partagent ces id\u00e9aux parce qu&#8217;ils appartiennent au <a href=\"https:\/\/www.woydt.be\/blog\/?p=371\">parti<\/a>, on trouve tous les degr\u00e9s. &#8230; Le sens commun nous porte \u00e0 croire que toute adh\u00e9sion \u00e0 un parti est d&#8217;abord <a href=\"https:\/\/www.woydt.be\/blog\/?p=527\">id\u00e9ologique<\/a> &#8230; Cette mani\u00e8re de voir les choses pr\u00e9sente une \u00e9norme faille: elle suppose que le <a href=\"https:\/\/www.woydt.be\/blog\/?p=565\">citoyen<\/a> ait arr\u00eat\u00e9 ses convictions avant d&#8217;adh\u00e9rer au parti, ce qui est loin d&#8217;\u00eatre la r\u00e8gle. L&#8217;adh\u00e9sion et l&#8217;appartenance sont sociologiques plus souvent qu&#8217;<a href=\"https:\/\/www.woydt.be\/blog\/?p=131\">intellectuelles<\/a>, elles sont affaire de <a href=\"https:\/\/www.woydt.be\/blog\/?p=553\">valeurs<\/a>, mais aussi de conscience de classe, de <a href=\"https:\/\/www.woydt.be\/blog\/?p=123\">style de vie<\/a>, de transmission familiale et communautaire, de liens sociaux.&#8221;<\/p>\n<blockquote><p>Alain Eraly: Le <a href=\"https:\/\/www.woydt.be\/blog\/?p=34\">pouvoir<\/a> encha\u00een\u00e9. \u00catre ministre en <a href=\"https:\/\/www.woydt.be\/blog\/?p=48\">Belgique<\/a>, Bruxelles: Labor 2002, S.101\/102.<\/p><\/blockquote>\n<p>02\/03<\/p>\n","protected":false},"excerpt":{"rendered":"<p>(DE) &#8220;Entre ceux qui adh\u00e8rent \u00e0 un parti parce qu&#8217;ils en partagent les id\u00e9aux et ceux qui partagent ces id\u00e9aux parce qu&#8217;ils appartiennent au parti, on trouve tous les degr\u00e9s. &#8230; Le sens commun nous porte \u00e0 croire que toute adh\u00e9sion \u00e0 un parti est d&#8217;abord id\u00e9ologique &#8230; Cette mani\u00e8re de voir les choses pr\u00e9sente [&hellip;]<\/p>\n","protected":false},"author":1,"featured_media":0,"comment_status":"closed","ping_status":"closed","sticky":false,"template":"","format":"standard","meta":[],"categories":[8,3],"tags":[],"_links":{"self":[{"href":"https:\/\/www.woydt.be\/blog\/index.php?rest_route=\/wp\/v2\/posts\/138"}],"collection":[{"href":"https:\/\/www.woydt.be\/blog\/index.php?rest_route=\/wp\/v2\/posts"}],"about":[{"href":"https:\/\/www.woydt.be\/blog\/index.php?rest_route=\/wp\/v2\/types\/post"}],"author":[{"embeddable":true,"href":"https:\/\/www.woydt.be\/blog\/index.php?rest_route=\/wp\/v2\/users\/1"}],"replies":[{"embeddable":true,"href":"https:\/\/www.woydt.be\/blog\/index.php?rest_route=%2Fwp%2Fv2%2Fcomments&post=138"}],"version-history":[{"count":3,"href":"https:\/\/www.woydt.be\/blog\/index.php?rest_route=\/wp\/v2\/posts\/138\/revisions"}],"predecessor-version":[{"id":5161,"href":"https:\/\/www.woydt.be\/blog\/index.php?rest_route=\/wp\/v2\/posts\/138\/revisions\/5161"}],"wp:attachment":[{"href":"https:\/\/www.woydt.be\/blog\/index.php?rest_route=%2Fwp%2Fv2%2Fmedia&parent=138"}],"wp:term":[{"taxonomy":"category","embeddable":true,"href":"https:\/\/www.woydt.be\/blog\/index.php?rest_route=%2Fwp%2Fv2%2Fcategories&post=138"},{"taxonomy":"post_tag","embeddable":true,"href":"https:\/\/www.woydt.be\/blog\/index.php?rest_route=%2Fwp%2Fv2%2Ftags&post=138"}],"curies":[{"name":"wp","href":"https:\/\/api.w.org\/{rel}","templated":true}]}}