{"id":1429,"date":"2020-10-30T17:39:40","date_gmt":"2020-10-30T15:39:40","guid":{"rendered":"https:\/\/www.woydt.be\/blog\/?p=1429"},"modified":"2022-01-24T03:23:54","modified_gmt":"2022-01-24T01:23:54","slug":"corona-leugner","status":"publish","type":"post","link":"https:\/\/www.woydt.be\/blog\/?p=1429","title":{"rendered":"Corona-Leugner"},"content":{"rendered":"<p><img class=\"size-full wp-image-2125 aligncenter\" src=\"https:\/\/www.woydt.be\/blog\/wp-content\/uploads\/2020\/10\/Sabrina-Charran_MURAL2020-Year-of-the-Nurse-677x1024-adelingregoire-com.jpeg\" alt=\"\" width=\"40%\" srcset=\"https:\/\/www.woydt.be\/blog\/wp-content\/uploads\/2020\/10\/Sabrina-Charran_MURAL2020-Year-of-the-Nurse-677x1024-adelingregoire-com.jpeg 677w, https:\/\/www.woydt.be\/blog\/wp-content\/uploads\/2020\/10\/Sabrina-Charran_MURAL2020-Year-of-the-Nurse-677x1024-adelingregoire-com-198x300.jpeg 198w\" sizes=\"(max-width: 677px) 100vw, 677px\" \/><\/p>\n<p>&#8220;&#8230; Tats\u00e4chlich &#8230; durchlaufen viele <a href=\"https:\/\/www.woydt.be\/blog\/?p=1504\">Corona<\/a>-Leugner eine bisher so nie gesehene, pandemische Echtzeitradikalisierung. &#8230; Warum radikalisieren sich Corona-Leugner so schnell?<\/p>\n<p><strong>1.<\/strong> &#8230; Aaron T. Beck &#8230; hat die kognitive Verzerrung namens <strong>Emotional Reasoning<\/strong> beschrieben &#8230; Dabei betrachtet man die eigenen Gef\u00fchle als Beweis f\u00fcr die Richtigkeit von Behauptungen. In Sachen Corona bedeutet das etwa: &#8216;Ich f\u00fchle mich nicht wohl mit einer Maske, also ist sie sch\u00e4dlich.&#8217; &#8230; Der Kern der Blitzradikalisierung scheint mir, dass Corona-Leugner die weltweite Unsicherheit, das fehlende Wissen und die Abwesenheit von einge\u00fcbten Umgangsweisen rund um die Pandemie bek\u00e4mpfen, indem sie ihre Gef\u00fchle zu <a href=\"https:\/\/www.woydt.be\/blog\/?p=479\">Tatsachen<\/a> machen. Das ist monstr\u00f6s und kaum entschuldbar &#8230;<\/p>\n<p><strong>2.<\/strong> <strong>Verzerrungsblindheit<\/strong> &#8230; bedeutet etwa, dass man sich selbst f\u00fcr kaum oder gar nicht beeinflusst h\u00e4lt. Die st\u00e4ndigen Aufrufe, endlich &#8220;aufzuwachen&#8221;, sind ein Zeichen daf\u00fcr. Mit dieser knappen Aufforderung wird eine Welt konstruiert, in der es <a href=\"https:\/\/www.woydt.be\/blog\/?p=184\">nur zwei Sichtweisen<\/a> gibt: die falsche derjenigen, die noch schlafen, und die richtige, wenn man endlich aufgewacht ist &#8211; sprich: nicht mehr den vermeintlichen L\u00fcgen des &#8216;Mainstream&#8217; folgt. &#8230; &#8216;Ein <a href=\"https:\/\/www.woydt.be\/blog\/?p=1416\">Gespr\u00e4ch<\/a> setzt voraus, dass der andere <a href=\"https:\/\/www.woydt.be\/blog\/?p=171\">recht haben<\/a> k\u00f6nnte&#8217;, sagte der Philosoph Hans-Georg Gadamer. &#8230; Wer von &#8216;aufwachen&#8217; &#8230; m\u00f6chte nur von der eigenen, alternativlosen Position \u00fcberzeugen. &#8230;<\/p>\n<p><strong>3.<\/strong> Die \u00d6ffentlichkeit braucht mehr <a href=\"https:\/\/www.woydt.be\/blog\/?p=556\">Wissen<\/a>, Eindeutigkeit und <a href=\"https:\/\/www.woydt.be\/blog\/?p=36\">Klarheit<\/a>, als verf\u00fcgbar ist. Die Radikalisierung entsteht auch deshalb, weil man dieses <strong>Wissensvakuum<\/strong> so einfach, schnell und eindeutig f\u00fcllen kann. Menschen halten Ungewissheit nur schwer aus, erst recht in Krisenzeiten.<\/p>\n<p>Meiner Ansicht nach aber kann durch politische und mediale \u00dcberreaktionen die Radikalisierung ebenfalls befeuert werden. &#8230; Grundrechtlich au\u00dferordentlich fragw\u00fcrdigen Ans\u00e4tze k\u00f6nnen regelrecht als Brandbeschleuniger der Radikalisierung funktionieren &#8211; [eine] Abkehr vom <a href=\"https:\/\/www.woydt.be\/blog\/?p=58\">demokratischen<\/a> Prinzip der Verh\u00e4ltnism\u00e4\u00dfigkeit [kann] fatal wirken. &#8230; [Die <a href=\"https:\/\/www.woydt.be\/blog\/?p=755\">Menschen<\/a>] finden n\u00e4mlich ihre nachvollziehbare Best\u00fcrzung von Corona-Leugnern perfekt aufgefangen: Das lassen wir uns nicht bieten! Und schon ist die erste emotionale Br\u00fccke zur Bewegung geschlagen. &#8230;<\/p>\n<p>In extrem unnormalen <a href=\"https:\/\/www.woydt.be\/blog\/?p=218\">Zeiten<\/a> geht den Leuten das Gef\u00fchl f\u00fcr <a href=\"https:\/\/www.woydt.be\/blog\/?p=897\">Normalit\u00e4t<\/a> ab. Das mag sich <a href=\"https:\/\/www.woydt.be\/blog\/?p=791\">banal<\/a> anh\u00f6ren, aber Alltagsnormalit\u00e4t ist ein wichtiges und wirksames Instrument zur M\u00e4\u00dfigung, weil sie ohne gro\u00dfe Regelbefolgungsenergie zeigt, was man tun kann und was nicht.&#8221;<\/p>\n<blockquote><p>aus: Sascha Lobo: Wie die Blitzradikalisierung der Corona-Leugner funktioniert, <a href=\"https:\/\/www.woydt.be\/blog\/?p=60\">Spiegel<\/a>-Online, 28.10.20, <a href=\"https:\/\/www.spiegel.de\/netzwelt\/corona-leugner-wie-die-blitzradikalisierung-funktioniert-kolumne-a-eb3231e1-d3b5-46b3-b01e-309f9fa92891\">im Internet<\/a>.<\/p>\n<p style=\"-qt-block-indent: 0; text-indent: 0px; margin: 0px;\">Abb: Sabrina Charran: Year of the Nurse, mural, Port-of-Spain, Trinidad and Tobago, 2020, <a href=\"https:\/\/adelinegregoire.com\/wp-content\/uploads\/2020\/12\/SCharran_MURAL2020-Year-of-the-Nurse-677x1024.jpeg\">im Internet<\/a>.<\/p>\n<\/blockquote>\n<p style=\"text-align: right;\">10\/20<\/p>\n","protected":false},"excerpt":{"rendered":"<p>&#8220;&#8230; Tats\u00e4chlich &#8230; durchlaufen viele Corona-Leugner eine bisher so nie gesehene, pandemische Echtzeitradikalisierung. &#8230; Warum radikalisieren sich Corona-Leugner so schnell? 1. &#8230; Aaron T. Beck &#8230; hat die kognitive Verzerrung namens Emotional Reasoning beschrieben &#8230; Dabei betrachtet man die eigenen Gef\u00fchle als Beweis f\u00fcr die Richtigkeit von Behauptungen. In Sachen Corona bedeutet das etwa: &#8216;Ich [&hellip;]<\/p>\n","protected":false},"author":1,"featured_media":0,"comment_status":"open","ping_status":"closed","sticky":false,"template":"","format":"standard","meta":[],"categories":[6,3],"tags":[],"_links":{"self":[{"href":"https:\/\/www.woydt.be\/blog\/index.php?rest_route=\/wp\/v2\/posts\/1429"}],"collection":[{"href":"https:\/\/www.woydt.be\/blog\/index.php?rest_route=\/wp\/v2\/posts"}],"about":[{"href":"https:\/\/www.woydt.be\/blog\/index.php?rest_route=\/wp\/v2\/types\/post"}],"author":[{"embeddable":true,"href":"https:\/\/www.woydt.be\/blog\/index.php?rest_route=\/wp\/v2\/users\/1"}],"replies":[{"embeddable":true,"href":"https:\/\/www.woydt.be\/blog\/index.php?rest_route=%2Fwp%2Fv2%2Fcomments&post=1429"}],"version-history":[{"count":5,"href":"https:\/\/www.woydt.be\/blog\/index.php?rest_route=\/wp\/v2\/posts\/1429\/revisions"}],"predecessor-version":[{"id":2127,"href":"https:\/\/www.woydt.be\/blog\/index.php?rest_route=\/wp\/v2\/posts\/1429\/revisions\/2127"}],"wp:attachment":[{"href":"https:\/\/www.woydt.be\/blog\/index.php?rest_route=%2Fwp%2Fv2%2Fmedia&parent=1429"}],"wp:term":[{"taxonomy":"category","embeddable":true,"href":"https:\/\/www.woydt.be\/blog\/index.php?rest_route=%2Fwp%2Fv2%2Fcategories&post=1429"},{"taxonomy":"post_tag","embeddable":true,"href":"https:\/\/www.woydt.be\/blog\/index.php?rest_route=%2Fwp%2Fv2%2Ftags&post=1429"}],"curies":[{"name":"wp","href":"https:\/\/api.w.org\/{rel}","templated":true}]}}