{"id":147,"date":"2007-10-08T20:50:04","date_gmt":"2007-10-08T18:50:04","guid":{"rendered":"http:\/\/www.woydt.be\/blog\/?p=147"},"modified":"2024-07-14T14:34:30","modified_gmt":"2024-07-14T13:34:30","slug":"nation","status":"publish","type":"post","link":"https:\/\/www.woydt.be\/blog\/?p=147","title":{"rendered":"Nation"},"content":{"rendered":"<p><img class=\"size-full wp-image-2479 aligncenter\" src=\"https:\/\/www.woydt.be\/blog\/wp-content\/uploads\/2007\/10\/Tintin-Wulia-lure-2009-acaw-info.png\" alt=\"\" width=\"90%\" srcset=\"https:\/\/www.woydt.be\/blog\/wp-content\/uploads\/2007\/10\/Tintin-Wulia-lure-2009-acaw-info.png 828w, https:\/\/www.woydt.be\/blog\/wp-content\/uploads\/2007\/10\/Tintin-Wulia-lure-2009-acaw-info-300x172.png 300w, https:\/\/www.woydt.be\/blog\/wp-content\/uploads\/2007\/10\/Tintin-Wulia-lure-2009-acaw-info-768x442.png 768w\" sizes=\"(max-width: 828px) 100vw, 828px\" \/><\/p>\n<p>&#8220;F\u00fcr die K\u00fcnder einer <a href=\"https:\/\/www.woydt.be\/blog\/?p=440\">multikulturellen<\/a> Zukunft ist die <a href=\"https:\/\/www.woydt.be\/blog\/?p=148\">Nation<\/a> historischer Plunder, den sie gerne losw\u00fcrden. Um ihren Argumenten und Forderungen moralisches Gewicht zu verleihen, greifen sie aber unbek\u00fcmmert auf die Nation zur\u00fcck. &#8230; Die <a href=\"https:\/\/www.woydt.be\/blog\/?p=88\">Gewaltt\u00e4tigkeiten<\/a> gegen <a href=\"https:\/\/www.woydt.be\/blog\/?p=46\">Ausl\u00e4nder<\/a> werden nicht als zu bek\u00e4mpfende Erscheinungen des multikulturellen Alltags verstanden, sondern als Wiedererwachen deutschen Ungeistes, gegen den man sich aus dem Arsenal <a href=\"https:\/\/www.woydt.be\/blog\/?p=41\">antifaschistischer<\/a> Rituale wappnet.<\/p>\n<p>Wer mit deutscher <a href=\"https:\/\/www.woydt.be\/blog\/?p=183\">Schuld<\/a> und Verantwortung argumentiert, setzt die Nation als eine historische <a href=\"https:\/\/www.woydt.be\/blog\/?p=23\">Schicksalsgemeinschaft<\/a> und einen gegen andere abgegrenzten <a href=\"https:\/\/www.woydt.be\/blog\/?p=310\">Erfahrungs<\/a>raum voraus, da\u00df B\u00fcrgerschaft mehr ist als das blo\u00dfe Bekenntnis zur Verfassung. Wer verlangt, da\u00df ein <a href=\"https:\/\/www.woydt.be\/blog\/?p=31\">Volk<\/a> aus der Geschichte <a href=\"https:\/\/www.woydt.be\/blog\/?p=1762\">lerne<\/a>, mu\u00df annehmen, da\u00df da ein Volk existiert, das sich in einer Geschichte wiedererkennt. Es ist die schlechte Pointe des &#8216;Verfassungspatriotismus&#8217;, da\u00df er sich als eine speziell auf die <a href=\"https:\/\/www.woydt.be\/blog\/?p=61\">Deutschen<\/a> gem\u00fcnzte Therapie verstand.<\/p>\n<p>Was aber sollte in der multikulturellen Republik der Zukunft ein aus Polen stammender Bundespr\u00e4sident an einem ersten September sagen, dem Tag, <a href=\"https:\/\/www.woydt.be\/blog\/?p=26\">als Hitlers Wehrmacht 1939 in Polen einfiel<\/a>? Sollte er sagen &#8220;wir Deutsche&#8221; &#8211; denn er w\u00e4re ja <a href=\"https:\/\/www.woydt.be\/blog\/?p=565\">B\u00fcrger<\/a> der Republik Deutschland &#8211; h\u00e4tten eine &#8220;besondere <a href=\"https:\/\/www.woydt.be\/blog\/?p=403\">Verpflichtung<\/a>&#8221; zur <a href=\"https:\/\/www.woydt.be\/blog\/?p=81\">Friedenspolitik<\/a>? Sollte er bekr\u00e4ftigen, da\u00df die &#8211; multikulturell <a href=\"https:\/\/www.woydt.be\/blog\/?p=90\">bunt gemischte<\/a> &#8211; Bundeswehr nicht au\u00dferhalb des B\u00fcndnisses eingesetzt werde? &#8230;<\/p>\n<p>Es ist <a href=\"https:\/\/www.woydt.be\/blog\/?p=212\">wahr<\/a>: Die Vorstellung, Einwanderer sollten sich nicht nur zur Verfassung, sondern auch zur deutschen Geschichte bekennen, ist l\u00e4cherlich. Das w\u00e4re das, was gerade nicht sein soll: Die Aufgabe der eigenen Identit\u00e4t. Dann sollten multikulturelle Moralisten aber auch zugeben, da\u00df der multikulturelle <a href=\"https:\/\/www.woydt.be\/blog\/?p=1163\">Wandel<\/a> das wirksamste Mittel zur &#8216;Entsorgung&#8217; der deutschen <a href=\"https:\/\/www.woydt.be\/blog\/?p=208\">Vergangenheit<\/a> ist, wirksamer jedenfalls als der Vergleich der Verbrechen Hitlers mit denen Stalins. &#8230;&#8221;<\/p>\n<blockquote><p>aus: Eckhard Fuhr: Keine Vielv\u00f6kerrepublik, FAZ vom ?<\/p>\n<p>Abb.: Tintin Wulia: Lure, 2009, <a href=\"https:\/\/www.acaw.info\/?page_id=12868\">im Internet<\/a>.<\/p><\/blockquote>\n<p style=\"text-align: right;\">03\/92<\/p>\n","protected":false},"excerpt":{"rendered":"<p>&#8220;F\u00fcr die K\u00fcnder einer multikulturellen Zukunft ist die Nation historischer Plunder, den sie gerne losw\u00fcrden. Um ihren Argumenten und Forderungen moralisches Gewicht zu verleihen, greifen sie aber unbek\u00fcmmert auf die Nation zur\u00fcck. &#8230; Die Gewaltt\u00e4tigkeiten gegen Ausl\u00e4nder werden nicht als zu bek\u00e4mpfende Erscheinungen des multikulturellen Alltags verstanden, sondern als Wiedererwachen deutschen Ungeistes, gegen den man [&hellip;]<\/p>\n","protected":false},"author":1,"featured_media":0,"comment_status":"closed","ping_status":"closed","sticky":false,"template":"","format":"standard","meta":[],"categories":[6,3],"tags":[],"_links":{"self":[{"href":"https:\/\/www.woydt.be\/blog\/index.php?rest_route=\/wp\/v2\/posts\/147"}],"collection":[{"href":"https:\/\/www.woydt.be\/blog\/index.php?rest_route=\/wp\/v2\/posts"}],"about":[{"href":"https:\/\/www.woydt.be\/blog\/index.php?rest_route=\/wp\/v2\/types\/post"}],"author":[{"embeddable":true,"href":"https:\/\/www.woydt.be\/blog\/index.php?rest_route=\/wp\/v2\/users\/1"}],"replies":[{"embeddable":true,"href":"https:\/\/www.woydt.be\/blog\/index.php?rest_route=%2Fwp%2Fv2%2Fcomments&post=147"}],"version-history":[{"count":6,"href":"https:\/\/www.woydt.be\/blog\/index.php?rest_route=\/wp\/v2\/posts\/147\/revisions"}],"predecessor-version":[{"id":5157,"href":"https:\/\/www.woydt.be\/blog\/index.php?rest_route=\/wp\/v2\/posts\/147\/revisions\/5157"}],"wp:attachment":[{"href":"https:\/\/www.woydt.be\/blog\/index.php?rest_route=%2Fwp%2Fv2%2Fmedia&parent=147"}],"wp:term":[{"taxonomy":"category","embeddable":true,"href":"https:\/\/www.woydt.be\/blog\/index.php?rest_route=%2Fwp%2Fv2%2Fcategories&post=147"},{"taxonomy":"post_tag","embeddable":true,"href":"https:\/\/www.woydt.be\/blog\/index.php?rest_route=%2Fwp%2Fv2%2Ftags&post=147"}],"curies":[{"name":"wp","href":"https:\/\/api.w.org\/{rel}","templated":true}]}}