{"id":148,"date":"2007-10-08T20:50:54","date_gmt":"2007-10-08T18:50:54","guid":{"rendered":"http:\/\/www.woydt.be\/blog\/?p=148"},"modified":"2024-07-14T14:36:47","modified_gmt":"2024-07-14T13:36:47","slug":"nationalismus","status":"publish","type":"post","link":"https:\/\/www.woydt.be\/blog\/?p=148","title":{"rendered":"Nationalismus"},"content":{"rendered":"<p><img class=\"size-full wp-image-2266 aligncenter\" src=\"https:\/\/www.woydt.be\/blog\/wp-content\/uploads\/2007\/10\/Eko-Nugroho-Carnival-Trap-sideview-2018-indoartnow-com-CROP.jpg\" alt=\"\" width=\"90%\" srcset=\"https:\/\/www.woydt.be\/blog\/wp-content\/uploads\/2007\/10\/Eko-Nugroho-Carnival-Trap-sideview-2018-indoartnow-com-CROP.jpg 1000w, https:\/\/www.woydt.be\/blog\/wp-content\/uploads\/2007\/10\/Eko-Nugroho-Carnival-Trap-sideview-2018-indoartnow-com-CROP-300x165.jpg 300w, https:\/\/www.woydt.be\/blog\/wp-content\/uploads\/2007\/10\/Eko-Nugroho-Carnival-Trap-sideview-2018-indoartnow-com-CROP-768x422.jpg 768w\" sizes=\"(max-width: 1000px) 100vw, 1000px\" \/><\/p>\n<p>&#8220;Nationalismus ist ein politisches Prinzip, das besagt, politische und <a href=\"https:\/\/www.woydt.be\/blog\/?p=147\">nationale<\/a> Einheiten sollten deckungsgleich sein. &#8230; Das Nationalgef\u00fchl ist die Empfindung von Zorn \u00fcber die Verletzung des Prinzips, oder von Befriedigung angesichts seiner Erf\u00fcllung. &#8230;&#8221;<\/p>\n<p>&#8220;Die <a href=\"https:\/\/www.woydt.be\/blog\/?p=21\">Staatswesen<\/a>, denen &#8230; der Nationalismus &#8230; seine Loyalit\u00e4t zukommen l\u00e4\u00dft, sind kulturell homogen und gr\u00fcnden sich auf eine <a href=\"https:\/\/www.woydt.be\/blog\/?p=118\">Kultur<\/a>, die den Stand einer (<a href=\"https:\/\/www.woydt.be\/blog\/?p=181\">schrift<\/a>gest\u00fctzten) Hochkultur anstrebt; sie sind gro\u00df genug, um mit einiger <a href=\"https:\/\/www.woydt.be\/blog\/?p=2049\">Wahrscheinlichkeit<\/a> das <a href=\"https:\/\/www.woydt.be\/blog\/?p=50\">Erziehungssystem<\/a> unterhalten zu k\u00f6nnen, das eine Schriftkultur zum Fortbestehen braucht; es fehlen ihnen rigide interne Untergruppierungen; ihre Bev\u00f6lkerungen sind anonym, flie\u00dfend und mobil &#8230;<\/p>\n<p>[Ich leugne nicht], da\u00df die agrarische Welt gelegentlich Einheiten hervorbrachte, die einem <a href=\"https:\/\/www.woydt.be\/blog\/?p=236\">modernen<\/a> Nationalstaat \u00e4hnelten; nur da\u00df die agrarische Welt dies nur gelegentlich konnte, w\u00e4hrend die moderne Welt dies in den meisten F\u00e4llen tun mu\u00df. &#8230;&#8221;<\/p>\n<p>&#8220;In den geschlossenen lokalen Gemeinschaften der Agrar- oder Stammeswelten waren Kontext, Tonfall, Gestik, <a href=\"https:\/\/www.woydt.be\/blog\/?p=104\">Pers\u00f6nlichkeit<\/a> und Situation ausschlaggebend, wenn es um Kommunikation ging. &#8230; Mit der Industriegesellschaft ist eine Gesellschaft entstanden, &#8230; die sowohl eine mobile Arbeitsteilung als auch eine st\u00e4ndige, h\u00e4ufige und pr\u00e4zise Kommunikation zwischen <a href=\"https:\/\/www.woydt.be\/blog\/?p=303\">Fremden<\/a> erfordert; dazu geh\u00f6rt die allgemeine Vorherrschaft expliziter <a href=\"https:\/\/www.woydt.be\/blog\/?p=217\">Begriffe<\/a>, die in einem <a href=\"https:\/\/www.woydt.be\/blog\/?p=194\">Standardidiom<\/a> und, wenn erforderlich, schriftlich \u00fcbermittelt werden. &#8230;&#8221;<\/p>\n<p>&#8220;Die nationalistische Ideologie [leidet] durchgehend unter falschem Bewu\u00dftsein. Ihre <a href=\"https:\/\/www.woydt.be\/blog\/?p=97\">Mythen<\/a> verkehren die Realit\u00e4t: Sie behauptet, eine authentische <a href=\"https:\/\/www.woydt.be\/blog\/?p=31\">Volkskultur<\/a> zu verteidigen, w\u00e4hrend sie doch in <a href=\"https:\/\/www.woydt.be\/blog\/?p=212\">Wahrheit<\/a> eine neue Hochkultur schmiedet; sie behauptet, eine alte Volksgesellschaft zu besch\u00fctzen, w\u00e4hrend sie doch in Wirklichkeit dazu beitr\u00e4gt, eine anonyme <a href=\"https:\/\/www.woydt.be\/blog\/?p=219\">Massen<\/a>gesellschaft zu schaffen. &#8230;&#8221;<\/p>\n<p>&#8220;[Die Agrargesellschaft schaffte] politische Einheiten, die entweder kleiner oder viel gr\u00f6\u00dfer sind, als es den kulturellen Grenzen entspr\u00e4che &#8230; [Deshalb] mu\u00dfte das <a href=\"https:\/\/www.woydt.be\/blog\/?p=218\">Zeit<\/a>alter des \u00dcbergangs zum Industrialismus &#8230; auch ein Zeitalter des Nationalismus sein, eine Periode <a href=\"https:\/\/www.woydt.be\/blog\/?p=23\">turbulenter Neuanpassung<\/a>, in der entweder die politischen oder die kulturellen Grenzen oder beide ver\u00e4ndert wurden, um dem neuen nationalistischen Imperativ gerecht zu werden &#8230;&#8221;<\/p>\n<blockquote><p>aus: Ernest Gellner: Nationalismus und Moderne. Berlin: Rotbuch 1995 (Engl.Orig.-Ausg. 1983), S.8, 200\/201, 54\/55, 183, 64, hier in dieser Reihenfolge angeordnet.<\/p>\n<p>Abb.: Eko Nugroho: Carnival Trap 2018 (detail), indoartnow, <a href=\"https:\/\/indoartnow.com\/artists\/eko-nugroho\">im Internet<\/a>.<\/p><\/blockquote>\n<p style=\"text-align: right;\">09\/03<\/p>\n","protected":false},"excerpt":{"rendered":"<p>&#8220;Nationalismus ist ein politisches Prinzip, das besagt, politische und nationale Einheiten sollten deckungsgleich sein. &#8230; Das Nationalgef\u00fchl ist die Empfindung von Zorn \u00fcber die Verletzung des Prinzips, oder von Befriedigung angesichts seiner Erf\u00fcllung. &#8230;&#8221; &#8220;Die Staatswesen, denen &#8230; der Nationalismus &#8230; seine Loyalit\u00e4t zukommen l\u00e4\u00dft, sind kulturell homogen und gr\u00fcnden sich auf eine Kultur, die [&hellip;]<\/p>\n","protected":false},"author":1,"featured_media":0,"comment_status":"closed","ping_status":"closed","sticky":false,"template":"","format":"standard","meta":[],"categories":[6,3],"tags":[],"_links":{"self":[{"href":"https:\/\/www.woydt.be\/blog\/index.php?rest_route=\/wp\/v2\/posts\/148"}],"collection":[{"href":"https:\/\/www.woydt.be\/blog\/index.php?rest_route=\/wp\/v2\/posts"}],"about":[{"href":"https:\/\/www.woydt.be\/blog\/index.php?rest_route=\/wp\/v2\/types\/post"}],"author":[{"embeddable":true,"href":"https:\/\/www.woydt.be\/blog\/index.php?rest_route=\/wp\/v2\/users\/1"}],"replies":[{"embeddable":true,"href":"https:\/\/www.woydt.be\/blog\/index.php?rest_route=%2Fwp%2Fv2%2Fcomments&post=148"}],"version-history":[{"count":8,"href":"https:\/\/www.woydt.be\/blog\/index.php?rest_route=\/wp\/v2\/posts\/148\/revisions"}],"predecessor-version":[{"id":5164,"href":"https:\/\/www.woydt.be\/blog\/index.php?rest_route=\/wp\/v2\/posts\/148\/revisions\/5164"}],"wp:attachment":[{"href":"https:\/\/www.woydt.be\/blog\/index.php?rest_route=%2Fwp%2Fv2%2Fmedia&parent=148"}],"wp:term":[{"taxonomy":"category","embeddable":true,"href":"https:\/\/www.woydt.be\/blog\/index.php?rest_route=%2Fwp%2Fv2%2Fcategories&post=148"},{"taxonomy":"post_tag","embeddable":true,"href":"https:\/\/www.woydt.be\/blog\/index.php?rest_route=%2Fwp%2Fv2%2Ftags&post=148"}],"curies":[{"name":"wp","href":"https:\/\/api.w.org\/{rel}","templated":true}]}}