{"id":1504,"date":"2021-02-05T12:29:19","date_gmt":"2021-02-05T10:29:19","guid":{"rendered":"https:\/\/www.woydt.be\/blog\/?p=1504"},"modified":"2023-08-08T22:42:59","modified_gmt":"2023-08-08T20:42:59","slug":"corona","status":"publish","type":"post","link":"https:\/\/www.woydt.be\/blog\/?p=1504","title":{"rendered":"Corona 1"},"content":{"rendered":"<p><img class=\"alignnone wp-image-1967\" src=\"https:\/\/www.woydt.be\/blog\/wp-content\/uploads\/2022\/01\/lost-wax-kris-martin-2013-smak.jpg\" alt=\"\" width=\"90%\" srcset=\"https:\/\/www.woydt.be\/blog\/wp-content\/uploads\/2022\/01\/lost-wax-kris-martin-2013-smak.jpg 1600w, https:\/\/www.woydt.be\/blog\/wp-content\/uploads\/2022\/01\/lost-wax-kris-martin-2013-smak-300x200.jpg 300w, https:\/\/www.woydt.be\/blog\/wp-content\/uploads\/2022\/01\/lost-wax-kris-martin-2013-smak-1024x683.jpg 1024w, https:\/\/www.woydt.be\/blog\/wp-content\/uploads\/2022\/01\/lost-wax-kris-martin-2013-smak-768x512.jpg 768w, https:\/\/www.woydt.be\/blog\/wp-content\/uploads\/2022\/01\/lost-wax-kris-martin-2013-smak-1536x1024.jpg 1536w\" sizes=\"(max-width: 1600px) 100vw, 1600px\" \/><\/p>\n<p><em>&#8220;Photo de classe au temps de Corona&#8221; selon un des enfants-curateurs de l&#8217;exposition &#8220;Kleine Catalogus&#8221; au SMAK, Gent 2021\/22.<\/em><\/p>\n<p>&#8220;Pour un enfant ou un adolescent, le <a href=\"https:\/\/www.woydt.be\/blog\/?p=218\">temps<\/a> s\u2019\u00e9coule de mani\u00e8re bien diff\u00e9rente, il n\u2019a pas la m\u00eame <a href=\"https:\/\/www.woydt.be\/blog\/?p=452\">pr\u00e9gnance<\/a>. Pour imager mon propos, on pourrait se repr\u00e9senter qu\u2019\u00e0 l\u2019\u00e9chelle d\u2019une <a href=\"https:\/\/www.woydt.be\/blog\/?p=121\">vie<\/a>, un an pour un <a href=\"https:\/\/www.woydt.be\/blog\/?p=111\">enfant<\/a> de dix ans \u00e9quivaudrait subjectivement \u00e0 six ann\u00e9es pour un homme de soixante. Et six ann\u00e9es pendant lesquelles chaque instant devrait \u00eatre mobilis\u00e9 par une indispensable construction physique, affective et psychique. Six ann\u00e9es sans <a href=\"https:\/\/www.woydt.be\/blog\/?p=485\">m\u00e9moire<\/a> dans laquelle aller puiser les ressources n\u00e9cessaires au d\u00e9codage du <a href=\"https:\/\/www.woydt.be\/blog\/?p=421\">pr\u00e9sent<\/a>. Les cons\u00e9quences sur ces jeunes des mesures de confinement sont foudroyantes. Si d\u00e9j\u00e0, dans le &#8216;monde d\u2019avant&#8217;, les ph\u00e9nom\u00e8nes de d\u00e9crochage et de d\u00e9saffiliation observ\u00e9s \u00e9taient interpellants, ils ont pris aujourd\u2019hui des proportions affolantes. Les <a href=\"https:\/\/www.woydt.be\/blog\/?p=442\">jeunes<\/a> que j\u2019ai rencontr\u00e9s ces derni\u00e8res semaines se construisent en marge, dans un monde parall\u00e8le au n\u00f4tre auquel ils n\u2019ont aucune vell\u00e9it\u00e9 de s\u2019affilier et auquel ils n\u2019accordent aucun cr\u00e9dit. Ils s\u2019auto disqualifient. Nous nous b\u00e2tissons un monde futur peupl\u00e9 d\u2019\u00e9lectrons <a href=\"https:\/\/www.woydt.be\/blog\/?p=1046\">libres<\/a> s\u2019inventant isol\u00e9ment des <a href=\"https:\/\/www.woydt.be\/blog\/?p=553\">valeurs<\/a> (ou non valeurs) aussi diverses qu\u2019al\u00e9atoires.&#8221;<\/p>\n<blockquote><p>aus: Marc De Koker: Les jeunes que j\u2019ai rencontr\u00e9s ces derni\u00e8res semaines se construisent en marge, dans un monde parall\u00e8le au n\u00f4tre. La libre en ligne, 4.2.21, <a href=\"https:\/\/www.lalibre.be\/debats\/opinions\/les-jeunes-que-j-ai-rencontres-ces-dernieres-semaines-se-construisent-en-marge-dans-un-monde-parallele-au-notre-601c0ae59978e227dffcc4d5\">im Internet<\/a>.<\/p>\n<p>image: Kris Martin: &#8220;Lost Wax&#8221; (2013), SMAK Gent, <a href=\"https:\/\/smak.be\/nl\/collectie\/de-smak-collectie\/5128\">im Internet<\/a>.<\/p><\/blockquote>\n<p style=\"text-align: right;\">02\/21<\/p>\n","protected":false},"excerpt":{"rendered":"<p>&#8220;Photo de classe au temps de Corona&#8221; selon un des enfants-curateurs de l&#8217;exposition &#8220;Kleine Catalogus&#8221; au SMAK, Gent 2021\/22. &#8220;Pour un enfant ou un adolescent, le temps s\u2019\u00e9coule de mani\u00e8re bien diff\u00e9rente, il n\u2019a pas la m\u00eame pr\u00e9gnance. Pour imager mon propos, on pourrait se repr\u00e9senter qu\u2019\u00e0 l\u2019\u00e9chelle d\u2019une vie, un an pour un enfant [&hellip;]<\/p>\n","protected":false},"author":1,"featured_media":0,"comment_status":"open","ping_status":"closed","sticky":false,"template":"","format":"standard","meta":[],"categories":[8,3],"tags":[],"_links":{"self":[{"href":"https:\/\/www.woydt.be\/blog\/index.php?rest_route=\/wp\/v2\/posts\/1504"}],"collection":[{"href":"https:\/\/www.woydt.be\/blog\/index.php?rest_route=\/wp\/v2\/posts"}],"about":[{"href":"https:\/\/www.woydt.be\/blog\/index.php?rest_route=\/wp\/v2\/types\/post"}],"author":[{"embeddable":true,"href":"https:\/\/www.woydt.be\/blog\/index.php?rest_route=\/wp\/v2\/users\/1"}],"replies":[{"embeddable":true,"href":"https:\/\/www.woydt.be\/blog\/index.php?rest_route=%2Fwp%2Fv2%2Fcomments&post=1504"}],"version-history":[{"count":10,"href":"https:\/\/www.woydt.be\/blog\/index.php?rest_route=\/wp\/v2\/posts\/1504\/revisions"}],"predecessor-version":[{"id":3459,"href":"https:\/\/www.woydt.be\/blog\/index.php?rest_route=\/wp\/v2\/posts\/1504\/revisions\/3459"}],"wp:attachment":[{"href":"https:\/\/www.woydt.be\/blog\/index.php?rest_route=%2Fwp%2Fv2%2Fmedia&parent=1504"}],"wp:term":[{"taxonomy":"category","embeddable":true,"href":"https:\/\/www.woydt.be\/blog\/index.php?rest_route=%2Fwp%2Fv2%2Fcategories&post=1504"},{"taxonomy":"post_tag","embeddable":true,"href":"https:\/\/www.woydt.be\/blog\/index.php?rest_route=%2Fwp%2Fv2%2Ftags&post=1504"}],"curies":[{"name":"wp","href":"https:\/\/api.w.org\/{rel}","templated":true}]}}