{"id":1690,"date":"2021-11-28T01:31:35","date_gmt":"2021-11-27T23:31:35","guid":{"rendered":"https:\/\/www.woydt.be\/blog\/?p=1690"},"modified":"2021-11-28T01:31:35","modified_gmt":"2021-11-27T23:31:35","slug":"wendehalse","status":"publish","type":"post","link":"https:\/\/www.woydt.be\/blog\/?p=1690","title":{"rendered":"Wendeh\u00e4lse"},"content":{"rendered":"<p>&#8220;Es sollten nicht <a href=\"https:\/\/www.woydt.be\/blog\/?p=139\">Meinungen<\/a> \u00fcbertragen, sondern erarbeitet, das <a href=\"https:\/\/www.woydt.be\/blog\/?p=502\">Denken<\/a> und die Verantwortung f\u00fcr die Entscheidung sollte keinem abgenommen werden, damit er immer aus eigener kritischer Sicht Entscheidungen f\u00e4llen k\u00f6nnte.<\/p>\n<p>1935 hatte ich im KZ Oranienburg Gelegenheit, diese <a href=\"https:\/\/www.woydt.be\/blog\/?p=62\">Diskussion<\/a> fortzusetzen. Ich war dort mit vielen mittleren Funktion\u00e4ren der <a href=\"https:\/\/www.woydt.be\/blog\/?p=522\">SPD<\/a> und <a href=\"https:\/\/www.woydt.be\/blog\/?p=29\">KPD<\/a> zusammen. Man war besonders betroffen \u00fcber die vielen &#8216;Verr\u00e4ter&#8217; aus ihren Verb\u00e4nden. Best\u00fcrzt waren wir alle \u00fcber den reibungslosen \u00dcbergang vieler Mitglieder des Rot-Front-K\u00e4mpferbundes zur SA. Ich versuchte zu erkl\u00e4ren, wie leicht <a href=\"https:\/\/www.woydt.be\/blog\/?p=1492\">Meinungen<\/a> zu ver\u00e4ndern sind, wenn es nicht gelingt, sie fest im <a href=\"https:\/\/www.woydt.be\/blog\/?p=755\">Menschen<\/a> zu verankern, und dies kann nur geschehen, wenn sie vorher die freie und selbst gesuchte Entscheidung gehabt haben und gewohnt sind, auch diese immer kritisch weiterzuentwickeln. &#8230;<\/p>\n<p>Das soziale Verhalten mu\u00df zuerst ein Lebenselement in dem <a href=\"https:\/\/www.woydt.be\/blog\/?p=442\">jungen<\/a> Menschen werden, bevor eine Ideologie mehr wert ist als ein reines Hemd, das man anzieht.&#8221;<\/p>\n<blockquote><p>aus: Max F\u00fcrst: Gefilte Fisch. Eine Jugend in K\u00f6nigsberg. M\u00fcnchen: dtv 1976 (1973), S.220\/221.<\/p><\/blockquote>\n<p style=\"text-align: right;\">11\/21<\/p>\n","protected":false},"excerpt":{"rendered":"<p>&#8220;Es sollten nicht Meinungen \u00fcbertragen, sondern erarbeitet, das Denken und die Verantwortung f\u00fcr die Entscheidung sollte keinem abgenommen werden, damit er immer aus eigener kritischer Sicht Entscheidungen f\u00e4llen k\u00f6nnte. 1935 hatte ich im KZ Oranienburg Gelegenheit, diese Diskussion fortzusetzen. Ich war dort mit vielen mittleren Funktion\u00e4ren der SPD und KPD zusammen. Man war besonders betroffen [&hellip;]<\/p>\n","protected":false},"author":1,"featured_media":0,"comment_status":"open","ping_status":"closed","sticky":false,"template":"","format":"standard","meta":[],"categories":[6,3],"tags":[],"_links":{"self":[{"href":"https:\/\/www.woydt.be\/blog\/index.php?rest_route=\/wp\/v2\/posts\/1690"}],"collection":[{"href":"https:\/\/www.woydt.be\/blog\/index.php?rest_route=\/wp\/v2\/posts"}],"about":[{"href":"https:\/\/www.woydt.be\/blog\/index.php?rest_route=\/wp\/v2\/types\/post"}],"author":[{"embeddable":true,"href":"https:\/\/www.woydt.be\/blog\/index.php?rest_route=\/wp\/v2\/users\/1"}],"replies":[{"embeddable":true,"href":"https:\/\/www.woydt.be\/blog\/index.php?rest_route=%2Fwp%2Fv2%2Fcomments&post=1690"}],"version-history":[{"count":1,"href":"https:\/\/www.woydt.be\/blog\/index.php?rest_route=\/wp\/v2\/posts\/1690\/revisions"}],"predecessor-version":[{"id":1691,"href":"https:\/\/www.woydt.be\/blog\/index.php?rest_route=\/wp\/v2\/posts\/1690\/revisions\/1691"}],"wp:attachment":[{"href":"https:\/\/www.woydt.be\/blog\/index.php?rest_route=%2Fwp%2Fv2%2Fmedia&parent=1690"}],"wp:term":[{"taxonomy":"category","embeddable":true,"href":"https:\/\/www.woydt.be\/blog\/index.php?rest_route=%2Fwp%2Fv2%2Fcategories&post=1690"},{"taxonomy":"post_tag","embeddable":true,"href":"https:\/\/www.woydt.be\/blog\/index.php?rest_route=%2Fwp%2Fv2%2Ftags&post=1690"}],"curies":[{"name":"wp","href":"https:\/\/api.w.org\/{rel}","templated":true}]}}