{"id":1697,"date":"2021-12-06T18:08:59","date_gmt":"2021-12-06T16:08:59","guid":{"rendered":"https:\/\/www.woydt.be\/blog\/?p=1697"},"modified":"2024-03-23T17:56:17","modified_gmt":"2024-03-23T16:56:17","slug":"blacks","status":"publish","type":"post","link":"https:\/\/www.woydt.be\/blog\/?p=1697","title":{"rendered":"Blacks"},"content":{"rendered":"<p><img class=\"size-full wp-image-4698 aligncenter\" src=\"https:\/\/www.woydt.be\/blog\/wp-content\/uploads\/2021\/12\/damali_ayo_flesh-CROP.jpg\" alt=\"\" width=\"70%\" srcset=\"https:\/\/www.woydt.be\/blog\/wp-content\/uploads\/2021\/12\/damali_ayo_flesh-CROP.jpg 518w, https:\/\/www.woydt.be\/blog\/wp-content\/uploads\/2021\/12\/damali_ayo_flesh-CROP-300x210.jpg 300w\" sizes=\"(max-width: 518px) 100vw, 518px\" \/><\/p>\n<p>&#8220;Je n&#8217;aime pas les Blacks, tout d&#8217;abord parce que nous sommes en France, et qu&#8217;en <a href=\"https:\/\/www.woydt.be\/blog\/?p=1335\">France<\/a> on parle fran\u00e7ais. C&#8217;est bien la moindre des choses.<br \/>\nLa blackitude est un produit qui a trois sources principales. La premi\u00e8re est sociolinguistique et c&#8217;est que j&#8217;appelle les \u00e9dulcorations <a href=\"https:\/\/www.woydt.be\/blog\/?p=183\">coupables<\/a>. La deuxi\u00e8me est le fruit du rejet dont ceux qu&#8217;on nomme les Blacks se sentent <a href=\"https:\/\/www.woydt.be\/blog\/?p=159\">victimes<\/a>. La troisi\u00e8me, c&#8217;est en r\u00e9f\u00e9rence aux <a href=\"https:\/\/www.woydt.be\/blog\/?p=14\">USA<\/a>. &#8230;<\/p>\n<p>[1] Les hommes de race dite noire sont des n\u00e9gro\u00efdes. Leur v\u00e9ritable appellation devrait donc \u00eatre N\u00e8gre. Dans tous les cas, c&#8217;est l&#8217;appellation originale. Cette appellation a \u00e9t\u00e9 utilis\u00e9e pendant des si\u00e8cles et jusqu&#8217;au lendemain de la traite. Mais apr\u00e8s la traite &#8230; le <a href=\"https:\/\/www.woydt.be\/blog\/?p=496\">mot<\/a> N\u00e8gre est devenu p\u00e9joratif. &#8230;<\/p>\n<p>Pendant la <a href=\"https:\/\/www.woydt.be\/blog\/?p=741\">colonisation<\/a>, le N\u00e8gre est devenu Noir. Je ne sais s&#8217;il a gagn\u00e9 \u00e0 ce changement, d&#8217;<a href=\"https:\/\/www.woydt.be\/blog\/?p=1137\">identit\u00e9<\/a>. Mais l&#8217;assimilation de tout ce qui est mauvais \u00e0 la couleur noire me pousse \u00e0 croire qu&#8217;il s&#8217;agit plut\u00f4t d&#8217;une r\u00e9gression. &#8230;<br \/>\nAujourd&#8217;hui, le <a href=\"https:\/\/www.woydt.be\/blog\/?p=217\">mot<\/a> Noir est aussi devenu une insulte. &#8230;<\/p>\n<p>[Ces] \u00e9dulcorations linguistiques renvoient au <a href=\"https:\/\/www.woydt.be\/blog\/?p=784\">sentiment de culpabilit\u00e9<\/a> que ressent l&#8217;<a href=\"https:\/\/www.woydt.be\/blog\/?p=755\">homme<\/a> <a href=\"https:\/\/www.woydt.be\/blog\/?p=375\">blanc<\/a> envers les peuples qu&#8217;il ne cesse de soumettre ou d&#8217;<a href=\"https:\/\/www.woydt.be\/blog\/?p=45\">exploiter<\/a>. Elle est tout aussi path\u00e9tique pour le Blanc qu&#8217;injurieuse pour le Noir, cette tentative de gommer l&#8217;<a href=\"https:\/\/www.woydt.be\/blog\/?p=481\">histoire<\/a> sans en subir l&#8217;exorcisme, sans en r\u00e9parer les d\u00e9g\u00e2ts, en refusant d&#8217;affronter ses mauvais <a href=\"https:\/\/www.woydt.be\/blog\/?p=95\">actes<\/a> comme la colonisation, l&#8217;esclavage, la s\u00e9gr\u00e9gation raciale, de penser qu&#8217;on les gomme de l&#8217;<a href=\"https:\/\/www.woydt.be\/blog\/?p=85\">histoire<\/a> juste par une fuite en avant, juste en changeant les mots. Il est d\u00e9valorisant pour le Noir, ce recours permanent \u00e0 l&#8217;amn\u00e9sie collective, position que l&#8217;on trouve <a href=\"https:\/\/www.woydt.be\/blog\/?p=920\">politiquement correcte<\/a>. Si le mot Noir perd son sens n\u00e9gatif dans le dictionnaire, il le perdra aussi dans la perception populaire. C&#8217;est dans ce sens qu&#8217;il convient d&#8217;agir.<\/p>\n<p>[2] Ces contorsions linguistiques montrent clairement que le Blanc ne consid\u00e8re pas ces peuples comme ces \u00e9gaux. &#8230; \u00c0 quoi cela sert-il de d\u00e9baptiser les N\u00e8gres tous les cinquante ans si l&#8217;on ne change pas le regard que l&#8217;on pose sur eux ? Je trouve ces simagr\u00e9es coupables et m\u00eame <a href=\"https:\/\/www.woydt.be\/blog\/?p=563\">humiliantes<\/a>.<\/p>\n<p>[3] Entre-temps l&#8217;esp\u00e8ce &#8216;black&#8217; est apparue dans le paysage social fran\u00e7ais. Ce terme s&#8217;applique aux <a href=\"https:\/\/www.woydt.be\/blog\/?p=442\">jeunes<\/a> d&#8217;origine noire &#8211; <a href=\"https:\/\/www.woydt.be\/blog\/?p=1439\">africaine<\/a> ou antillaise &#8211; qui l&#8217;ont repris enti\u00e8rement \u00e0 leur compte, tant et si bien que l&#8217;on pourrait se demander s&#8217;ils n&#8217;en sont pas les inventeurs. Le v\u00e9ritable cr\u00e9ateur reste la soci\u00e9t\u00e9 qui a mis en place depuis bien longtemps le syst\u00e8me des euph\u00e9mismes.<\/p>\n<p>Si les jeunes Noirs ont repris cette appellation \u00e0 leur compte, c&#8217;est parce qu&#8217;ils sont convaincus qu&#8217;ils sont rejet\u00e9s et s\u00e9gr\u00e9gu\u00e9s par la soci\u00e9t\u00e9 fran\u00e7aise. L&#8217;unique fondement de ce rejet est la couleur de la peau. Ils se consid\u00e8rent tr\u00e8s rarement comme africains, ivoiriens, camerounais, congolais ou encore maliens, s\u00e9n\u00e9galais. Ils sont fran\u00e7ais, mais diff\u00e9rents. La fraternit\u00e9 qui lie les adultes venant du m\u00eame <a href=\"https:\/\/www.woydt.be\/blog\/?p=349\">\u00c9tat<\/a> africain &#8211; Mali, S\u00e9n\u00e9gal, Cameroun, etc. &#8211; ne les concerne pas &#8230; ces <a href=\"https:\/\/www.woydt.be\/blog\/?p=111\">enfants<\/a> ne se regroupaient pas selon les origines de leurs parents. Fortement bestialis\u00e9s, comme une meute, ils s&#8217;associent sur les crit\u00e8res d&#8217;esp\u00e8ce \u00e0 d\u00e9fendre, et de territoire \u00e0 prot\u00e9ger. &#8230;<\/p>\n<p>Comme ils sont blacks, ils appartiennent \u00e0 la plan\u00e8te black, \u00c0 une internationale black dont ils savent que les membres sont rejet\u00e9s dans tous les pays o\u00f9 ils sont en minorit\u00e9, et m\u00eame parfois en majorit\u00e9, si l&#8217;on pense \u00e0 l&#8217;Afrique du Sud de l&#8217;apartheid. Ainsi, ils tirent leurs r\u00e9f\u00e9rences de ce qui leur apparait comme le paradis de la blackitude, les USA. &#8230;<\/p>\n<p>Je me souviens du voyage que Kodjo &#8230; avait effectu\u00e9 aux USA, il y a une dizaine d&#8217;ann\u00e9es, juste apr\u00e8s sa majorit\u00e9, avec quelques <a href=\"https:\/\/www.woydt.be\/blog\/?p=324\">amis<\/a> de quartier. &#8230; Un beau matin &#8230; ils s&#8217;embarqu\u00e8rent pour New York avec pour viatique leurs r\u00eaves et leurs ambitions et la certitude de voir enfin des Noirs <a href=\"https:\/\/www.woydt.be\/blog\/?p=91\">heureux<\/a>. &#8230; Dans la rue, c&#8217;est l&#8217;horreur ! Tous les mendiants qu&#8217;ils rencontrent, &#8216;sauf un&#8217;, pr\u00e9cisent-ils, sont des Noirs. Des centaines des Noirs &#8230; qui ont \u00e9t\u00e9 d\u00e9truits par l&#8217;h\u00e9ritage sociologique de l&#8217;esclavage, qui n&#8217;ont ni \u00e2me ni ambition, ni rep\u00e8res, ni dipl\u00f4mes, ni <a href=\"https:\/\/www.woydt.be\/blog\/?p=234\">travail<\/a> et qui passent la <a href=\"https:\/\/www.woydt.be\/blog\/?p=1323\">vie<\/a> \u00e0 mourir lentement. Quand nos jeunes explorateurs reviennent en France, ils se sentent plus fran\u00e7ais que jamais. &#8230;<\/p>\n<p>Aujourd&#8217;hui, les Blacks continuent \u00e0 \u00eatre subjugu\u00e9s par les \u00c9tats-Unis, dont ils adoptent la mode des ghettos noirs, impos\u00e9s par les rappeurs : bandana unicolore sur la t\u00eate, pantalons informes, immenses porte-cl\u00e9s-porte-m\u00e9daillons. &#8230;<\/p>\n<p>Le hip-hop n&#8217;est plus ce qu&#8217;il \u00e9tait et le basketball s&#8217;est essouffl\u00e9. Pourtant, les Blacks conservent la m\u00eame rage, d\u00e9cupl\u00e9e par l&#8217;<a href=\"https:\/\/www.woydt.be\/blog\/?p=643\">inactivit\u00e9<\/a>. &#8230; Rien de plus d\u00e9solant que ces enfants noirs entre cinq et dix ans, que l&#8217;on voit en grappes dans les supermarch\u00e9s, les transports en commun, les <a href=\"https:\/\/www.woydt.be\/blog\/?p=330\">places publiques<\/a>, les parcs &#8230;<\/p>\n<p>Pendant ce temps, la soci\u00e9t\u00e9 dort en paix en parlant de <a href=\"https:\/\/www.woydt.be\/blog\/?p=1046\">Libert\u00e9<\/a>, alors qu&#8217;elle pr\u00e9pare ces enfants \u00e0 ne plus en avoir dans un avenir proche ; en parlant d&#8217;\u00c9galit\u00e9 alors qu&#8217;on les pr\u00e9pare \u00e0 \u00eatre inf\u00e9rieurs \u00e0 cause de leur d\u00e9ficit d&#8217;<a href=\"https:\/\/www.woydt.be\/blog\/?p=50\">\u00e9ducation<\/a> : en parlant de Fraternit\u00e9 alors qu&#8217;on en a fait d&#8217;\u00e9ternels <a href=\"https:\/\/www.woydt.be\/blog\/?p=1549\">\u00e9trangers<\/a>. En effet, ils deviendront fran\u00e7ais quand vous cesserez de voir en eux des Blacks et quand ils seront redevenus des Noirs, tout simplement.&#8221;<\/p>\n<blockquote><p>aus: Gaston Kelman: Je suis noir et je n&#8217;aime pas le manioc. Paris: 10\/18, 2005 (2004), S.120-132.<\/p>\n<p>Abb.: damali ayo: Flesh tone, 2003, custom mixed house paint matching face, arms, belly, back, thigh, breast and palm. <a href=\"https:\/\/damaliayo.com\/damaliayoart\/pages\/conceptual3.html\">damaliayo.com<\/a>.<\/p><\/blockquote>\n<p style=\"text-align: right;\">12\/21<\/p>\n","protected":false},"excerpt":{"rendered":"<p>&#8220;Je n&#8217;aime pas les Blacks, tout d&#8217;abord parce que nous sommes en France, et qu&#8217;en France on parle fran\u00e7ais. C&#8217;est bien la moindre des choses. La blackitude est un produit qui a trois sources principales. La premi\u00e8re est sociolinguistique et c&#8217;est que j&#8217;appelle les \u00e9dulcorations coupables. La deuxi\u00e8me est le fruit du rejet dont ceux [&hellip;]<\/p>\n","protected":false},"author":1,"featured_media":0,"comment_status":"open","ping_status":"closed","sticky":false,"template":"","format":"standard","meta":[],"categories":[8,3],"tags":[],"_links":{"self":[{"href":"https:\/\/www.woydt.be\/blog\/index.php?rest_route=\/wp\/v2\/posts\/1697"}],"collection":[{"href":"https:\/\/www.woydt.be\/blog\/index.php?rest_route=\/wp\/v2\/posts"}],"about":[{"href":"https:\/\/www.woydt.be\/blog\/index.php?rest_route=\/wp\/v2\/types\/post"}],"author":[{"embeddable":true,"href":"https:\/\/www.woydt.be\/blog\/index.php?rest_route=\/wp\/v2\/users\/1"}],"replies":[{"embeddable":true,"href":"https:\/\/www.woydt.be\/blog\/index.php?rest_route=%2Fwp%2Fv2%2Fcomments&post=1697"}],"version-history":[{"count":8,"href":"https:\/\/www.woydt.be\/blog\/index.php?rest_route=\/wp\/v2\/posts\/1697\/revisions"}],"predecessor-version":[{"id":4699,"href":"https:\/\/www.woydt.be\/blog\/index.php?rest_route=\/wp\/v2\/posts\/1697\/revisions\/4699"}],"wp:attachment":[{"href":"https:\/\/www.woydt.be\/blog\/index.php?rest_route=%2Fwp%2Fv2%2Fmedia&parent=1697"}],"wp:term":[{"taxonomy":"category","embeddable":true,"href":"https:\/\/www.woydt.be\/blog\/index.php?rest_route=%2Fwp%2Fv2%2Fcategories&post=1697"},{"taxonomy":"post_tag","embeddable":true,"href":"https:\/\/www.woydt.be\/blog\/index.php?rest_route=%2Fwp%2Fv2%2Ftags&post=1697"}],"curies":[{"name":"wp","href":"https:\/\/api.w.org\/{rel}","templated":true}]}}