{"id":1737,"date":"2021-12-08T12:59:53","date_gmt":"2021-12-08T10:59:53","guid":{"rendered":"https:\/\/www.woydt.be\/blog\/?p=1737"},"modified":"2022-01-20T02:31:10","modified_gmt":"2022-01-20T00:31:10","slug":"merkeln","status":"publish","type":"post","link":"https:\/\/www.woydt.be\/blog\/?p=1737","title":{"rendered":"Merkeln"},"content":{"rendered":"<p><img class=\"size-full wp-image-2025 aligncenter\" src=\"https:\/\/www.woydt.be\/blog\/wp-content\/uploads\/2021\/12\/merkel-el-mundo.jpg\" alt=\"\" width=\"40%\" srcset=\"https:\/\/www.woydt.be\/blog\/wp-content\/uploads\/2021\/12\/merkel-el-mundo.jpg 660w, https:\/\/www.woydt.be\/blog\/wp-content\/uploads\/2021\/12\/merkel-el-mundo-280x300.jpg 280w\" sizes=\"(max-width: 660px) 100vw, 660px\" \/><\/p>\n<p>&#8220;<a href=\"https:\/\/www.woydt.be\/blog\/?p=20\">Linke<\/a> vermissen Merkel, weil sie nicht wagen, sich <a href=\"https:\/\/www.woydt.be\/blog\/?p=520\">vorzustellen<\/a>, was f\u00fcr ein geiles <a href=\"https:\/\/www.woydt.be\/blog\/?p=1323\">Leben<\/a> <a href=\"https:\/\/www.woydt.be\/blog\/?p=537\">wir<\/a> alle haben k\u00f6nnten. &#8230; Die Verehrung, mit der sie nun verabschiedet wird, zeigt, wie viele von uns verlernt haben, politisch \u00fcberhaupt noch irgendwas zu erwarten. Danke Merkel, echt.&#8221;<\/p>\n<blockquote><p>aus: Margarete Stokowski: Die kuriose Merkel-Verehrung der Linken, Spiegel Online, 8.12.21, <a href=\"https:\/\/www.spiegel.de\/kultur\/zum-abschied-von-angela-merkel-die-kuriose-merkel-verehrung-der-linken-kolumne-a-03d1f4ab-38b1-4623-a8ff-30a074a5f21e\">im Internet<\/a><\/p>\n<p>Abb.: El Mundo, <a href=\"https:\/\/estaticos.elmundo.es\/assets\/multimedia\/imagenes\/2016\/11\/20\/14796411383043.jpg\">im Internet<\/a>.<\/p><\/blockquote>\n<p style=\"text-align: right;\">12\/21<\/p>\n","protected":false},"excerpt":{"rendered":"<p>&#8220;Linke vermissen Merkel, weil sie nicht wagen, sich vorzustellen, was f\u00fcr ein geiles Leben wir alle haben k\u00f6nnten. &#8230; Die Verehrung, mit der sie nun verabschiedet wird, zeigt, wie viele von uns verlernt haben, politisch \u00fcberhaupt noch irgendwas zu erwarten. Danke Merkel, echt.&#8221; aus: Margarete Stokowski: Die kuriose Merkel-Verehrung der Linken, Spiegel Online, 8.12.21, im [&hellip;]<\/p>\n","protected":false},"author":1,"featured_media":0,"comment_status":"open","ping_status":"closed","sticky":false,"template":"","format":"standard","meta":[],"categories":[6,3],"tags":[],"_links":{"self":[{"href":"https:\/\/www.woydt.be\/blog\/index.php?rest_route=\/wp\/v2\/posts\/1737"}],"collection":[{"href":"https:\/\/www.woydt.be\/blog\/index.php?rest_route=\/wp\/v2\/posts"}],"about":[{"href":"https:\/\/www.woydt.be\/blog\/index.php?rest_route=\/wp\/v2\/types\/post"}],"author":[{"embeddable":true,"href":"https:\/\/www.woydt.be\/blog\/index.php?rest_route=\/wp\/v2\/users\/1"}],"replies":[{"embeddable":true,"href":"https:\/\/www.woydt.be\/blog\/index.php?rest_route=%2Fwp%2Fv2%2Fcomments&post=1737"}],"version-history":[{"count":5,"href":"https:\/\/www.woydt.be\/blog\/index.php?rest_route=\/wp\/v2\/posts\/1737\/revisions"}],"predecessor-version":[{"id":2029,"href":"https:\/\/www.woydt.be\/blog\/index.php?rest_route=\/wp\/v2\/posts\/1737\/revisions\/2029"}],"wp:attachment":[{"href":"https:\/\/www.woydt.be\/blog\/index.php?rest_route=%2Fwp%2Fv2%2Fmedia&parent=1737"}],"wp:term":[{"taxonomy":"category","embeddable":true,"href":"https:\/\/www.woydt.be\/blog\/index.php?rest_route=%2Fwp%2Fv2%2Fcategories&post=1737"},{"taxonomy":"post_tag","embeddable":true,"href":"https:\/\/www.woydt.be\/blog\/index.php?rest_route=%2Fwp%2Fv2%2Ftags&post=1737"}],"curies":[{"name":"wp","href":"https:\/\/api.w.org\/{rel}","templated":true}]}}