{"id":179,"date":"2007-10-08T21:55:19","date_gmt":"2007-10-08T19:55:19","guid":{"rendered":"http:\/\/www.woydt.be\/blog\/?p=179"},"modified":"2024-07-14T10:27:22","modified_gmt":"2024-07-14T09:27:22","slug":"reprasentative-demokratie","status":"publish","type":"post","link":"https:\/\/www.woydt.be\/blog\/?p=179","title":{"rendered":"Repr\u00e4sentative Demokratie"},"content":{"rendered":"<p align=\"right\">(<a href=\"https:\/\/www.woydt.be\/blog\/?p=178\">NL<\/a>)<\/p>\n<p>&#8220;Es ist nicht mehr korrekt, bei uns von &#8216;repr\u00e4sentativer&#8217; <a href=\"https:\/\/www.woydt.be\/blog\/?p=57\">Demokratie<\/a> zu <a href=\"https:\/\/www.woydt.be\/blog\/?p=2563\">sprechen<\/a>. In unserem politischen <a href=\"https:\/\/www.woydt.be\/blog\/?p=28\">System<\/a> liegt viel <a href=\"https:\/\/www.woydt.be\/blog\/?p=34\">Macht<\/a> bei den <a href=\"https:\/\/www.woydt.be\/blog\/?p=136\">Medien<\/a>. Das von den Medien geschaffene Bild von <a href=\"https:\/\/www.woydt.be\/blog\/?p=141\">Menschen<\/a>, Gruppen und Organisationen legitimiert Politik. &#8230;<\/p>\n<p>Heute kann das <a href=\"https:\/\/www.woydt.be\/blog\/?p=31\">Volk<\/a>, mit seinen Gef\u00fchlen, Interessen, <a href=\"https:\/\/www.woydt.be\/blog\/?p=138\">Meinungen<\/a> und Willen durch die Medien repr\u00e4sentiert werden. So verliert das Parlament seine Legitimit\u00e4t als Volksvertretung. &#8230;<\/p>\n<p>Bezeichnend f\u00fcr das ver\u00e4nderte Verh\u00e4ltnis zwischen <a href=\"https:\/\/www.woydt.be\/blog\/?p=338\">Journalisten<\/a> und <a href=\"https:\/\/www.woydt.be\/blog\/?p=163\">Politikern<\/a> ist, da\u00df letztere ihre <a href=\"https:\/\/www.woydt.be\/blog\/?p=411\">Informationen<\/a> heute genausoviel oder sogar mehr bei ersteren holen als umgekehrt. In Konfrontation mit dem repr\u00e4sentierten Volk erscheint der Volksvertreter als Usurpator.&#8221;<\/p>\n<blockquote><p>aus: Marc Elchardus: De dramademocratie. Tielt: Lannoo 2002, S.70-71, meine \u00dcbersetzung.<\/p><\/blockquote>\n<p style=\"text-align: right;\">08\/03<\/p>\n","protected":false},"excerpt":{"rendered":"<p>(NL) &#8220;Es ist nicht mehr korrekt, bei uns von &#8216;repr\u00e4sentativer&#8217; Demokratie zu sprechen. In unserem politischen System liegt viel Macht bei den Medien. Das von den Medien geschaffene Bild von Menschen, Gruppen und Organisationen legitimiert Politik. &#8230; Heute kann das Volk, mit seinen Gef\u00fchlen, Interessen, Meinungen und Willen durch die Medien repr\u00e4sentiert werden. So verliert [&hellip;]<\/p>\n","protected":false},"author":1,"featured_media":0,"comment_status":"closed","ping_status":"closed","sticky":false,"template":"","format":"standard","meta":[],"categories":[6,3],"tags":[],"_links":{"self":[{"href":"https:\/\/www.woydt.be\/blog\/index.php?rest_route=\/wp\/v2\/posts\/179"}],"collection":[{"href":"https:\/\/www.woydt.be\/blog\/index.php?rest_route=\/wp\/v2\/posts"}],"about":[{"href":"https:\/\/www.woydt.be\/blog\/index.php?rest_route=\/wp\/v2\/types\/post"}],"author":[{"embeddable":true,"href":"https:\/\/www.woydt.be\/blog\/index.php?rest_route=\/wp\/v2\/users\/1"}],"replies":[{"embeddable":true,"href":"https:\/\/www.woydt.be\/blog\/index.php?rest_route=%2Fwp%2Fv2%2Fcomments&post=179"}],"version-history":[{"count":4,"href":"https:\/\/www.woydt.be\/blog\/index.php?rest_route=\/wp\/v2\/posts\/179\/revisions"}],"predecessor-version":[{"id":5067,"href":"https:\/\/www.woydt.be\/blog\/index.php?rest_route=\/wp\/v2\/posts\/179\/revisions\/5067"}],"wp:attachment":[{"href":"https:\/\/www.woydt.be\/blog\/index.php?rest_route=%2Fwp%2Fv2%2Fmedia&parent=179"}],"wp:term":[{"taxonomy":"category","embeddable":true,"href":"https:\/\/www.woydt.be\/blog\/index.php?rest_route=%2Fwp%2Fv2%2Fcategories&post=179"},{"taxonomy":"post_tag","embeddable":true,"href":"https:\/\/www.woydt.be\/blog\/index.php?rest_route=%2Fwp%2Fv2%2Ftags&post=179"}],"curies":[{"name":"wp","href":"https:\/\/api.w.org\/{rel}","templated":true}]}}