{"id":227,"date":"2007-10-09T10:02:22","date_gmt":"2007-10-09T08:02:22","guid":{"rendered":"http:\/\/www.woydt.be\/blog\/?p=227"},"modified":"2025-09-30T21:34:12","modified_gmt":"2025-09-30T20:34:12","slug":"wie-bekampft-man-rechtsextremismus","status":"publish","type":"post","link":"https:\/\/www.woydt.be\/blog\/?p=227","title":{"rendered":"Antifaschismus 2"},"content":{"rendered":"<p>Wie bek\u00e4mpft man Rechtsextremismus?<\/p>\n<p>Das <a href=\"https:\/\/www.woydt.be\/blog\/?p=4124\">intelligenteste<\/a> <a href=\"https:\/\/www.woydt.be\/blog\">Zitat<\/a> zum Thema las ich bei Klaus Mann, der beschreibt (<a href=\"https:\/\/www.woydt.be\/blog\/?p=41\">siehe hier<\/a>), da\u00df er Hitler widerlich und l\u00e4cherlich gefunden hatte, <a href=\"https:\/\/www.woydt.be\/blog\/?p=194\">Sprache<\/a> und Inhalt der Nazi-Publikationen ihm hermetisch verschlossen gewesen waren, er demnach auch nicht im Geringsten hatte nachvollziehen k\u00f6nnen, was jemand an den Nazis finden konnte.<\/p>\n<p>Das alles machte ihn v\u00f6llig hilf- und wertlos als <a href=\"https:\/\/www.woydt.be\/blog\/?p=5941\">Antifaschisten<\/a>. Wie will jemand, der sich in potentielle Nazis nicht <a href=\"https:\/\/www.woydt.be\/blog\/?p=67\">hineindenken<\/a> kann, jene davon \u00fcberzeugen, sich den Nazis nicht anzuschlie\u00dfen?<\/p>\n<p>Weitverbreitet ist die Methode, heutige Rechtsextreme als Nazis zu brandmarken. Das mag unter gefestigten Demokraten einen mobilisierenden Effekt haben (&#8220;nie wieder!&#8221;). Aber wie wirkt das auf potentielle Anh\u00e4nger rechtsextremistischer Bewegungen und <a href=\"https:\/\/www.woydt.be\/blog\/?p=102\">Ideen<\/a>? Entweder sie sehen sich selber dem Nationalsozialismus nahe, dann k\u00f6nnen sie sich best\u00e4tigt f\u00fchlen, die richtige <a href=\"https:\/\/www.woydt.be\/blog\/?p=226\">Partei<\/a> gefunden zu haben. Oder die Verbrechen der Nazis lassen sie als historischen Plunder kalt, dann kann die &#8220;Nazi&#8221;-<a href=\"https:\/\/www.woydt.be\/blog\/?p=5663\">Etikettierung<\/a> der netten rechtsextremen <a href=\"https:\/\/www.woydt.be\/blog\/?p=163\">Politiker<\/a> von nebenan sogar dazu f\u00fchren, dieses positive Urteil gleich auch auf das Dritte Reich zu \u00fcbertragen&#8230; Oder sie sehen die Etikettierung als Verleumdung eines unbequemen politischen <a href=\"https:\/\/www.woydt.be\/blog\/?p=305\">Gegners<\/a>, dem aus seiner Opferrolle geholfen werden mu\u00df. Alles keine w\u00fcnschenswerten Ergebnisse :-)<\/p>\n<p>Dasselbe gilt auch f\u00fcr Versuche, rechtsextreme Organisationen als &#8220;undemokratisch&#8221; zu brandmarken. Das kann nur <a href=\"https:\/\/www.woydt.be\/blog\/?p=141\">Menschen<\/a> schocken, die sich mit &#8220;<a href=\"https:\/\/www.woydt.be\/blog\/?p=57\">Demokratie<\/a>&#8221; identifizieren. Wie steht es aber mit Menschen, die den sich selbst &#8220;demokratisch&#8221; nennenden Parteien nun gerade frustriert den R\u00fccken zudrehen? &#8220;<a href=\"https:\/\/www.woydt.be\/blog\/?p=58\">Demokratie<\/a>&#8220;, da\u00df ist f\u00fcr sie identisch mit den verha\u00dften &#8220;demokratischen&#8221; Parteien. &#8220;Undemokratisch&#8221; wird zum G\u00fctesiegel, wenn es verspricht, denen &#8220;etwas Neues&#8221; gegen\u00fcberzustellen!<\/p>\n<p>Wir m\u00fc\u00dften <a href=\"https:\/\/www.woydt.be\/blog\/?p=1762\">lernen<\/a>, uns in die Betroffenen hineinzudenken, nur das kann uns helfen, Gegenmittel zu finden. Nur da\u00df Klaus Mann schon beschrieben hat, wie ihm genau das unm\u00f6glich war.<\/p>\n<p><strong> Was macht Rechtsextreme attraktiv?<\/strong><\/p>\n<p>Ihr Eintreten f\u00fcr Sauberkeit und <a href=\"https:\/\/www.woydt.be\/blog\/?p=160\">Ordnung<\/a> &#8211; auf der Stra\u00dfe wie in der Politik? Dann m\u00fc\u00dfte man sie als korrupt, kriminell und dreckig entlarven. Nur da\u00df das ja bereits das Bild ist, das ihre Anh\u00e4nger von den anderen Parteien haben, mu\u00df man sie deshalb als noch korrupter, krimineller und dreckiger darstellen? Wo kommt man mit einer solchen Argumentation hin?<\/p>\n<p>Ihr Engagement gegen <a href=\"https:\/\/www.woydt.be\/blog\/?p=46\">Ausl\u00e4nder<\/a>? Oft geht Antifaschismus gepaart mit Sympathiewerbung f\u00fcr Ausl\u00e4nder. Das kann zu Ergebnissen f\u00fchren wie &#8220;Alle T\u00fcrken sind soundso, nur Du nicht, Du bist ja mein Kumpel Ali!&#8221;. Ausl\u00e4nder sind weder per se schlechter noch besser als Einheimische. Diese <a href=\"https:\/\/www.woydt.be\/blog\/?p=310\">Erfahrung<\/a> mu\u00df aber jeder selber machen. Nat\u00fcrlich m\u00fcssen die Leute auf andere (<a href=\"https:\/\/www.woydt.be\/blog\/?p=79\">freundliche<\/a>) Weise mit Ausl\u00e4ndern in Kontakt kommen. Aber bis das \u00fcber die &#8220;Du bist anders&#8221;-Schiene hinauskommt, kann es lange dauern.<\/p>\n<p>Rechtsextreme haben sich eine eigene &#8220;Gegen\u00f6ffentlichkeit&#8221; organisiert. Wer einmal in ihren F\u00e4ngen ist, bekommt regelm\u00e4\u00dfig Post. Hier in Br\u00fcssel wird die Vlaams Blok-<a href=\"https:\/\/www.woydt.be\/blog\/?p=299\">Propaganda<\/a> sogar jahraus, jahrein an ALLE Haushalte verteilt. Die dort gemachten Behauptungen und Stellungnahmen m\u00fc\u00dften ebenso regelm\u00e4\u00dfig, ernsthaft, ausf\u00fchrlich und mit konkreten Beweisen widerlegt werden. Wir br\u00e4uchten eine Art &#8220;<a href=\"https:\/\/www.woydt.be\/blog\/?p=1697\">Schwarzen<\/a> Kanal&#8221;&#8230;<\/p>\n<p>Menschen formen sich ihre <a href=\"https:\/\/www.woydt.be\/blog\/?p=138\">Meinungen<\/a> im pers\u00f6nlichen Umfeld. Famili\u00e4re und Kollegenkontakte sind ausschlaggebend f\u00fcr die Art und Weise, wie <a href=\"https:\/\/www.woydt.be\/blog\/?p=411\">Informationen<\/a>, etwa aus dem <a href=\"https:\/\/www.woydt.be\/blog\/?p=136\">Fernsehen<\/a>, verarbeitet werden. Das hei\u00dft, da\u00df es f\u00fcr Antifaschisten wichtig ist, im Gespr\u00e4ch mit Bekannten die Lieblingsthemen der Rechtsextremen ernsthaft und fundiert (!) zu diskutieren. Immer gr\u00f6\u00dfer wird allerdings die Zahl der Menschen, die gar kein pers\u00f6nliches Umfeld mehr haben. Viele insbesondere \u00e4ltere Menschen sitzen nur noch vor dem Fernseher. Dort bekommen sie ein von Kriminalit\u00e4t und Gewalt bestimmtes Bild der Wirklichkeit au\u00dferhalb ihrer vier W\u00e4nde. Sie haben keine Bekannten (mehr), die das Bild abfedern k\u00f6nnten. Genau diese armen Menschen werden zur leichten Beute der Rechtsextremen. Das <a href=\"https:\/\/www.woydt.be\/blog\/?p=386\">Problem<\/a> ist noch gar nicht, sie mit Ausl\u00e4ndern zusammenzubringen, sondern mit irgendjemand. Bei Leuten, die ihr Weltbild komplett aus der Dose beziehen, wird die Angst jeden Tag gr\u00f6\u00dfer.<\/p>\n<p>Siehe auch &#8220;<a href=\"https:\/\/www.woydt.be\/blog\/?p=56\">Cordon sanitaire<\/a>&#8221;<\/p>\n<blockquote><p>Malte Woydt<\/p><\/blockquote>\n<p style=\"text-align: right;\">06\/04<\/p>\n","protected":false},"excerpt":{"rendered":"<p>Wie bek\u00e4mpft man Rechtsextremismus? Das intelligenteste Zitat zum Thema las ich bei Klaus Mann, der beschreibt (siehe hier), da\u00df er Hitler widerlich und l\u00e4cherlich gefunden hatte, Sprache und Inhalt der Nazi-Publikationen ihm hermetisch verschlossen gewesen waren, er demnach auch nicht im Geringsten hatte nachvollziehen k\u00f6nnen, was jemand an den Nazis finden konnte. Das alles machte [&hellip;]<\/p>\n","protected":false},"author":1,"featured_media":0,"comment_status":"closed","ping_status":"closed","sticky":false,"template":"","format":"standard","meta":[],"categories":[6,5],"tags":[],"_links":{"self":[{"href":"https:\/\/www.woydt.be\/blog\/index.php?rest_route=\/wp\/v2\/posts\/227"}],"collection":[{"href":"https:\/\/www.woydt.be\/blog\/index.php?rest_route=\/wp\/v2\/posts"}],"about":[{"href":"https:\/\/www.woydt.be\/blog\/index.php?rest_route=\/wp\/v2\/types\/post"}],"author":[{"embeddable":true,"href":"https:\/\/www.woydt.be\/blog\/index.php?rest_route=\/wp\/v2\/users\/1"}],"replies":[{"embeddable":true,"href":"https:\/\/www.woydt.be\/blog\/index.php?rest_route=%2Fwp%2Fv2%2Fcomments&post=227"}],"version-history":[{"count":8,"href":"https:\/\/www.woydt.be\/blog\/index.php?rest_route=\/wp\/v2\/posts\/227\/revisions"}],"predecessor-version":[{"id":5947,"href":"https:\/\/www.woydt.be\/blog\/index.php?rest_route=\/wp\/v2\/posts\/227\/revisions\/5947"}],"wp:attachment":[{"href":"https:\/\/www.woydt.be\/blog\/index.php?rest_route=%2Fwp%2Fv2%2Fmedia&parent=227"}],"wp:term":[{"taxonomy":"category","embeddable":true,"href":"https:\/\/www.woydt.be\/blog\/index.php?rest_route=%2Fwp%2Fv2%2Fcategories&post=227"},{"taxonomy":"post_tag","embeddable":true,"href":"https:\/\/www.woydt.be\/blog\/index.php?rest_route=%2Fwp%2Fv2%2Ftags&post=227"}],"curies":[{"name":"wp","href":"https:\/\/api.w.org\/{rel}","templated":true}]}}