{"id":2941,"date":"2022-09-15T23:26:31","date_gmt":"2022-09-15T21:26:31","guid":{"rendered":"https:\/\/www.woydt.be\/blog\/?p=2941"},"modified":"2024-08-15T16:03:25","modified_gmt":"2024-08-15T15:03:25","slug":"winnetou","status":"publish","type":"post","link":"https:\/\/www.woydt.be\/blog\/?p=2941","title":{"rendered":"Winnetou"},"content":{"rendered":"<p><img class=\"size-full wp-image-5405 aligncenter\" src=\"https:\/\/www.woydt.be\/blog\/wp-content\/uploads\/2022\/09\/DSCF2849-malte-indianer-scaled.jpg\" alt=\"\" width=\"90%\" srcset=\"https:\/\/www.woydt.be\/blog\/wp-content\/uploads\/2022\/09\/DSCF2849-malte-indianer-scaled.jpg 2560w, https:\/\/www.woydt.be\/blog\/wp-content\/uploads\/2022\/09\/DSCF2849-malte-indianer-300x178.jpg 300w, https:\/\/www.woydt.be\/blog\/wp-content\/uploads\/2022\/09\/DSCF2849-malte-indianer-1024x608.jpg 1024w, https:\/\/www.woydt.be\/blog\/wp-content\/uploads\/2022\/09\/DSCF2849-malte-indianer-768x456.jpg 768w, https:\/\/www.woydt.be\/blog\/wp-content\/uploads\/2022\/09\/DSCF2849-malte-indianer-1536x911.jpg 1536w, https:\/\/www.woydt.be\/blog\/wp-content\/uploads\/2022\/09\/DSCF2849-malte-indianer-2048x1215.jpg 2048w\" sizes=\"(max-width: 2560px) 100vw, 2560px\" \/><\/p>\n<p>&#8220;Was ist das f\u00fcr ein Land, in dem man nicht einmal mehr sagen darf, dass man als <a href=\"https:\/\/www.woydt.be\/blog\/?p=111\">Kind<\/a> gerne Indianerh\u00e4uptling geworden w\u00e4re? &#8230;<\/p>\n<p>Sind die Karl-May-Indianer nicht prim\u00e4r eine Fantasiesch\u00f6pfung, an der ihre Erschaffer ebenso viel (oder ebenso wenig) <a href=\"https:\/\/www.woydt.be\/blog\/?p=65\">Eigentumsrechte<\/a> besitzen wie die indigenen Bewohner Nordamerikas, die sich ja nicht umsonst in den Apachen und Komantschen aus den Winnetou-Romanen nicht wiedererkennen? &#8230; Gerade Fantasiebilder k\u00f6nnen\u00a0 [allerdings] in ihrer Erschaffung und Fixierung von Stereotypen einen <a href=\"https:\/\/www.woydt.be\/blog\/?p=1705\">rassistischen<\/a> oder sonst wie diskriminierenden Charakter besitzen. &#8230;<\/p>\n<p>Nat\u00fcrlich zeigt sich im &#8216;Wunsch, Indianer zu werden&#8217; zun\u00e4chst auch der Wunsch danach, einer <a href=\"https:\/\/www.woydt.be\/blog\/?p=343\">Kultur<\/a> anzugeh\u00f6ren, die urspr\u00fcnglicher, naturverbundener, authentischer scheint als die eigene. In der Karl-May-Version der Winnetou-Figur kommt dieser Wunsch \u00fcberdeutlich zum Ausdruck. &#8230;<\/p>\n<p>Zugleich ist es kein Zufall, dass sich die Begeisterung der deutschen Gesellschaft f\u00fcr &#8230; Winnetou &#8230; gerade in den ersten Jahrzehnten nach dem <a href=\"https:\/\/www.woydt.be\/blog\/?p=26\">Zweiten Weltkrieg<\/a> entfaltet hat. &#8230; Dass die <a href=\"https:\/\/www.woydt.be\/blog\/?p=61\">Deutschen<\/a> sich &#8230; [damals] so intensiv mit der Figur des Indianers identifizieren, liegt &#8230; auch daran, dass jenes Volk, das gerade erst selber einen <a href=\"https:\/\/www.woydt.be\/blog\/?p=200\">Genozid<\/a> an den europ\u00e4ischen <a href=\"https:\/\/www.woydt.be\/blog\/?p=108\">Juden<\/a> vollzogen hat, aus der Rolle der T\u00e4ter in die der <a href=\"https:\/\/www.woydt.be\/blog\/?p=159\">Opfer<\/a> hin\u00fcberzuwechseln versucht.\u00a0 Wobei die guten Cowboys &#8230; bei Karl May ja immer Deutsche im Ausland sind, die hier nun als strahlende Helden den bedr\u00e4ngten Indianern beistehen, als &#8216;white saviours&#8217;, wie man heute sagen w\u00fcrde. &#8230; Man befindet sich &#8230; auf der richtigen Seite der <a href=\"https:\/\/www.woydt.be\/blog\/?p=84\">Geschichte<\/a>. &#8230;<\/p>\n<p>[Doch] in dieser &#8216;ethnischen <a href=\"https:\/\/www.woydt.be\/blog\/?p=2935\">Appropriation<\/a>&#8216; &#8230; ist &#8230; noch etwas anderes versteckt, &#8230; was die Faszination mit den Indianern eigentlich erst interessant macht. &#8230; In der westdeutschen Provinz der 1970er Jahre war es v\u00f6llig selbstverst\u00e4ndlich, dass Jungen kurze und M\u00e4dchen lange Haare trugen, dass M\u00e4dchen sich &#8211; manchmal &#8211; schminken, Jungen hingegen nie. Wer als Junge lieber lange Haare trug und sich eventuell sogar einmal mit dem Nagellack seiner Schwester die Fingern\u00e4gel lackierte, befand sich sofort in der Position des verspotteten Au\u00dfenseiters &#8211; es sei denn, er rechtfertigte diese Praxis dadurch, dass er eben in ein Indianerkost\u00fcm schl\u00fcpfte. &#8230; Indianerkost\u00fcme &#8230; [waren] Kost\u00fcme der geschlechtlichen Transgression. &#8230;<\/p>\n<p>Nicht nur die Karl-May-Freunde &#8230; kost\u00fcmierten sich als &#8216;Indianer&#8217;, sondern auch die Hippies in aller Welt. &#8230; Die antiimperialistische <a href=\"https:\/\/www.woydt.be\/blog\/?p=20\">Linke<\/a> identifizierte sich bevorzugt mit den Befreiungsk\u00e4mpfen &#8216;einfacher&#8217;, unentfremdeter V\u00f6lker aus den Regenw\u00e4ldern und W\u00fcsten der &#8216;Dritten Welt&#8217;. Das beliebteste <em>Fashion item<\/em> in dieser Zeit war das sogenannte Arafat-Tuch. &#8230; Arafat [war] der Winnetou der linken Alternativkultur. &#8230;&#8221;<\/p>\n<blockquote><p>aus: Jens Balzer: Ethik der <a href=\"https:\/\/www.woydt.be\/blog\/?p=1673\">Appropriation<\/a>. Berlin: Matthes &amp; Seitz 2022, S. 11, 15, 60-63, 78<\/p>\n<p>Abb.: Malte Woydt &#8230;<\/p><\/blockquote>\n<p style=\"text-align: right;\">09\/22<\/p>\n","protected":false},"excerpt":{"rendered":"<p>&#8220;Was ist das f\u00fcr ein Land, in dem man nicht einmal mehr sagen darf, dass man als Kind gerne Indianerh\u00e4uptling geworden w\u00e4re? &#8230; Sind die Karl-May-Indianer nicht prim\u00e4r eine Fantasiesch\u00f6pfung, an der ihre Erschaffer ebenso viel (oder ebenso wenig) Eigentumsrechte besitzen wie die indigenen Bewohner Nordamerikas, die sich ja nicht umsonst in den Apachen und [&hellip;]<\/p>\n","protected":false},"author":1,"featured_media":0,"comment_status":"open","ping_status":"closed","sticky":false,"template":"","format":"standard","meta":[],"categories":[6,3],"tags":[],"_links":{"self":[{"href":"https:\/\/www.woydt.be\/blog\/index.php?rest_route=\/wp\/v2\/posts\/2941"}],"collection":[{"href":"https:\/\/www.woydt.be\/blog\/index.php?rest_route=\/wp\/v2\/posts"}],"about":[{"href":"https:\/\/www.woydt.be\/blog\/index.php?rest_route=\/wp\/v2\/types\/post"}],"author":[{"embeddable":true,"href":"https:\/\/www.woydt.be\/blog\/index.php?rest_route=\/wp\/v2\/users\/1"}],"replies":[{"embeddable":true,"href":"https:\/\/www.woydt.be\/blog\/index.php?rest_route=%2Fwp%2Fv2%2Fcomments&post=2941"}],"version-history":[{"count":6,"href":"https:\/\/www.woydt.be\/blog\/index.php?rest_route=\/wp\/v2\/posts\/2941\/revisions"}],"predecessor-version":[{"id":5406,"href":"https:\/\/www.woydt.be\/blog\/index.php?rest_route=\/wp\/v2\/posts\/2941\/revisions\/5406"}],"wp:attachment":[{"href":"https:\/\/www.woydt.be\/blog\/index.php?rest_route=%2Fwp%2Fv2%2Fmedia&parent=2941"}],"wp:term":[{"taxonomy":"category","embeddable":true,"href":"https:\/\/www.woydt.be\/blog\/index.php?rest_route=%2Fwp%2Fv2%2Fcategories&post=2941"},{"taxonomy":"post_tag","embeddable":true,"href":"https:\/\/www.woydt.be\/blog\/index.php?rest_route=%2Fwp%2Fv2%2Ftags&post=2941"}],"curies":[{"name":"wp","href":"https:\/\/api.w.org\/{rel}","templated":true}]}}