{"id":33,"date":"2007-10-05T00:26:08","date_gmt":"2007-10-04T22:26:08","guid":{"rendered":"http:\/\/www.woydt.be\/blog\/?p=33"},"modified":"2024-07-14T15:08:10","modified_gmt":"2024-07-14T14:08:10","slug":"kapitalismus","status":"publish","type":"post","link":"https:\/\/www.woydt.be\/blog\/?p=33","title":{"rendered":"Kapitalismus 1"},"content":{"rendered":"<p><img class=\"size-full wp-image-2735 aligncenter\" src=\"https:\/\/www.woydt.be\/blog\/wp-content\/uploads\/2007\/10\/DSCF9806-capitalism-must-fall-streetart-athen-2022.jpg\" alt=\"\" width=\"60%\" srcset=\"https:\/\/www.woydt.be\/blog\/wp-content\/uploads\/2007\/10\/DSCF9806-capitalism-must-fall-streetart-athen-2022.jpg 1200w, https:\/\/www.woydt.be\/blog\/wp-content\/uploads\/2007\/10\/DSCF9806-capitalism-must-fall-streetart-athen-2022-225x300.jpg 225w, https:\/\/www.woydt.be\/blog\/wp-content\/uploads\/2007\/10\/DSCF9806-capitalism-must-fall-streetart-athen-2022-768x1024.jpg 768w, https:\/\/www.woydt.be\/blog\/wp-content\/uploads\/2007\/10\/DSCF9806-capitalism-must-fall-streetart-athen-2022-1152x1536.jpg 1152w\" sizes=\"(max-width: 1200px) 100vw, 1200px\" \/><\/p>\n<p>&#8220;Ich glaube, da\u00df es diese grunds\u00e4tzliche <a href=\"https:\/\/www.woydt.be\/blog\/?p=19\">Kritik<\/a> am <a href=\"https:\/\/www.woydt.be\/blog\/?p=414\">Kapitalismus<\/a> &#8230; bereits gibt. &#8230; Aber das <a href=\"https:\/\/www.woydt.be\/blog\/?p=386\">Problem<\/a> besteht darin, da\u00df diese Kritik nur dann weiterf\u00fchrt, wenn ihr eine Perspektive, ein Projekt zugeordnet ist. Das war ja das Faszinosum der <a href=\"https:\/\/www.woydt.be\/blog\/?p=132\">Marxistischen<\/a> <a href=\"https:\/\/www.woydt.be\/blog\/?p=201\">Theorie<\/a>, da\u00df sie nicht nur den <a href=\"https:\/\/www.woydt.be\/blog\/?p=3349\">Kapitalismus<\/a> kritisierte, sondern gleichzeitig ein Projekt formuliert &#8230; Heute fehlt der Kritik ein solches Projekt.<\/p>\n<p>Selbst <a href=\"https:\/\/www.woydt.be\/blog\/?p=457\">Liberale<\/a> wie Dahrendorf sagen mittlerweile, die <a href=\"https:\/\/www.woydt.be\/blog\/?p=89\">Globalisierung<\/a> sei eine Gef\u00e4hrdung f\u00fcr die <a href=\"https:\/\/www.woydt.be\/blog\/?p=57\">Demokratie<\/a>. Sie f\u00fchre zum Autoritarismus, weil die Konkurrenz dazu f\u00fchre, da\u00df immer die niedrigsten sozialen und \u00f6kologischen Standards sich durchsetzen, und das seien diejenigen, die mit autorit\u00e4ren Mitteln erzwungen werden. Also w\u00fcrde sich der Autoritarismus auch in den westlichen Demokratien durchsetzen. Immer vorausgesetzt: Wir <a href=\"https:\/\/www.woydt.be\/blog\/?p=95\">tun<\/a> nichts dagegen. Das ist eine Kapitalismuskritik &#8211; allerdings eine ohne Projekt. Und das ist zu wenig.&#8221; &#8230;<\/p>\n<p>&#8220;Man braucht keine neuen Arenen, man braucht neue Analysen, neue Argumente und genauere Vorstellungen davon, was ich als &#8216;kritisches Projekt&#8217; bezeichnet habe.&#8221;<\/p>\n<blockquote><p>Elmar Altvater, Johano Strasser, Tilman Fichter: Kapitalismus ohne Alternative? Gespr\u00e4ch. Die Neue Gesellschaft \/ Frankfurter Hefte 1\/1996, S.23\/24<\/p>\n<p>Abb.: Streetart Athen, 2022<\/p><\/blockquote>\n","protected":false},"excerpt":{"rendered":"<p>&#8220;Ich glaube, da\u00df es diese grunds\u00e4tzliche Kritik am Kapitalismus &#8230; bereits gibt. &#8230; Aber das Problem besteht darin, da\u00df diese Kritik nur dann weiterf\u00fchrt, wenn ihr eine Perspektive, ein Projekt zugeordnet ist. Das war ja das Faszinosum der Marxistischen Theorie, da\u00df sie nicht nur den Kapitalismus kritisierte, sondern gleichzeitig ein Projekt formuliert &#8230; Heute fehlt [&hellip;]<\/p>\n","protected":false},"author":1,"featured_media":0,"comment_status":"closed","ping_status":"closed","sticky":false,"template":"","format":"standard","meta":[],"categories":[6,3],"tags":[],"_links":{"self":[{"href":"https:\/\/www.woydt.be\/blog\/index.php?rest_route=\/wp\/v2\/posts\/33"}],"collection":[{"href":"https:\/\/www.woydt.be\/blog\/index.php?rest_route=\/wp\/v2\/posts"}],"about":[{"href":"https:\/\/www.woydt.be\/blog\/index.php?rest_route=\/wp\/v2\/types\/post"}],"author":[{"embeddable":true,"href":"https:\/\/www.woydt.be\/blog\/index.php?rest_route=\/wp\/v2\/users\/1"}],"replies":[{"embeddable":true,"href":"https:\/\/www.woydt.be\/blog\/index.php?rest_route=%2Fwp%2Fv2%2Fcomments&post=33"}],"version-history":[{"count":5,"href":"https:\/\/www.woydt.be\/blog\/index.php?rest_route=\/wp\/v2\/posts\/33\/revisions"}],"predecessor-version":[{"id":5253,"href":"https:\/\/www.woydt.be\/blog\/index.php?rest_route=\/wp\/v2\/posts\/33\/revisions\/5253"}],"wp:attachment":[{"href":"https:\/\/www.woydt.be\/blog\/index.php?rest_route=%2Fwp%2Fv2%2Fmedia&parent=33"}],"wp:term":[{"taxonomy":"category","embeddable":true,"href":"https:\/\/www.woydt.be\/blog\/index.php?rest_route=%2Fwp%2Fv2%2Fcategories&post=33"},{"taxonomy":"post_tag","embeddable":true,"href":"https:\/\/www.woydt.be\/blog\/index.php?rest_route=%2Fwp%2Fv2%2Ftags&post=33"}],"curies":[{"name":"wp","href":"https:\/\/api.w.org\/{rel}","templated":true}]}}