{"id":3305,"date":"2023-05-25T17:09:36","date_gmt":"2023-05-25T15:09:36","guid":{"rendered":"https:\/\/www.woydt.be\/blog\/?p=3305"},"modified":"2024-12-19T20:16:24","modified_gmt":"2024-12-19T19:16:24","slug":"francite","status":"publish","type":"post","link":"https:\/\/www.woydt.be\/blog\/?p=3305","title":{"rendered":"Francit\u00e9"},"content":{"rendered":"<p><img class=\"size-full wp-image-5631 aligncenter\" src=\"https:\/\/www.woydt.be\/blog\/wp-content\/uploads\/2023\/05\/lucas-8-ans-france-doublement-inversee-trouvee-chez-guillaume-monsaingeon.png\" alt=\"\" width=\"50%\" srcset=\"https:\/\/www.woydt.be\/blog\/wp-content\/uploads\/2023\/05\/lucas-8-ans-france-doublement-inversee-trouvee-chez-guillaume-monsaingeon.png 638w, https:\/\/www.woydt.be\/blog\/wp-content\/uploads\/2023\/05\/lucas-8-ans-france-doublement-inversee-trouvee-chez-guillaume-monsaingeon-300x263.png 300w\" sizes=\"(max-width: 638px) 100vw, 638px\" \/><\/p>\n<p>&#8220;Pour moi, c\u2019est le d\u00e9but de la d\u00e9liquescence : quand Nicolas Sarkozy institue un minist\u00e8re de l\u2019<a href=\"https:\/\/www.woydt.be\/blog\/?p=1137\">Identit\u00e9<\/a> <a href=\"https:\/\/www.woydt.be\/blog\/?p=147\">nationale<\/a> et propose cette \u00e9quation au d\u00e9bat, la <a href=\"https:\/\/www.woydt.be\/blog\/?p=435\">lib\u00e9ration<\/a> de la parole <a href=\"https:\/\/www.woydt.be\/blog\/?p=438\">raciste<\/a> est imm\u00e9diate. Cela a <a href=\"https:\/\/www.woydt.be\/blog\/?p=475\">d\u00e9sinhib\u00e9<\/a> les gens et les vannes ne se sont plus jamais ferm\u00e9es depuis. Sarkozy a ramen\u00e9 la <a href=\"https:\/\/www.woydt.be\/blog\/?p=1335\">France<\/a> aux dimensions de son \u00eatre \u00e0 lui et cela reste pour moi un vrai traumatisme.<\/p>\n<p>Surtout, cette formule est inepte car, m\u00eame sans immigration postcoloniale, la France comprendrait des personnes non occidentales. Le pays se d\u00e9ploie sur plusieurs oc\u00e9ans et compte des populations excentr\u00e9es. Prenez les Guyanais : vous avez des Hmong guyanais dont les a\u00een\u00e9s furent les alli\u00e9s de la France lors de la guerre d\u2019Indochine, et qui durent fuir les repr\u00e9sailles apr\u00e8s la d\u00e9faite. Ils furent relog\u00e9s en Guyane, y apport\u00e8rent leurs traditions qu\u2019ils tentent de conserver. Ils ne deviendront pas occidentaux par d\u00e9cret. On se soucie peu, dans l\u2019Hexagone, des Am\u00e9rindiens de la Guyane fran\u00e7aise. Pourtant, c\u2019est depuis leur terre ancestrale qu\u2019est lanc\u00e9e Ariane, et nul n\u2019envisage que cela se fasse depuis la Creuse.<\/p>\n<p>Je <a href=\"https:\/\/www.woydt.be\/blog\/?p=1115\">crois<\/a> qu\u2019on ne devrait jamais d\u00e9finir la <a href=\"https:\/\/www.woydt.be\/blog\/?p=343\">culture<\/a> ou l\u2019identit\u00e9 fran\u00e7aise en faisant l\u2019\u00e9conomie de toutes ces pr\u00e9sences. Il s\u2019agit souvent de groupes qui n\u2019ont pas choisi la France, qui leur est tomb\u00e9e dessus ou les a d\u00e9port\u00e9s pour en faire des esclaves. Une lecture unique de l\u2019<a href=\"https:\/\/www.woydt.be\/blog\/?p=84\">histoire<\/a> et de l\u2019identit\u00e9 dans un pays archipel, avec une <a href=\"https:\/\/www.woydt.be\/blog\/?p=481\">histoire<\/a> plurielle, est illusoire. Dans le contexte fran\u00e7ais, soumise \u00e0 l\u2019histoire du pays, la formule de Sarkozy ne tient pas.<\/p>\n<p>Lors de la <a href=\"https:\/\/www.woydt.be\/blog\/?p=26\">Seconde Guerre mondiale<\/a>, les collabos, d\u2019une certaine fa\u00e7on, aimaient leur pays, et les r\u00e9sistants aussi, au point de risquer leur vie pour chasser l\u2019envahisseur. Lesquels auraient d\u00fb quitter la France ? Idem pour la p\u00e9riode coloniale : qui des colons ou des anticolonialistes auraient d\u00fb partir au nom d\u2019un id\u00e9al ? Les uns voyaient dans la <a href=\"https:\/\/www.woydt.be\/blog\/?p=741\">colonisation<\/a> une source de prosp\u00e9rit\u00e9. Pour les autres, il s\u2019agissait d\u2019un avilissement. Les Fran\u00e7ais ont, depuis longtemps, des mani\u00e8res diff\u00e9rentes d\u2019aimer leur pays. Elles peuvent entrer en conflit.&#8221;<\/p>\n<blockquote><p>aus: L\u00e9onora Miano im Interview: &#8220;Il n\u2019y aura pas de divorce entre l\u2019Afrique et l\u2019Europe&#8221;, Le Vif\/L&#8217;Express 7.11.2019, p.10, <a href=\"https:\/\/schaarbeek.bibliotheek.be\/newspaper-archive\/article\/d7f9b930-85ee-4144-a982-d073d7db9d52\">im Internet<\/a>.<\/p>\n<p>Abb.: Lucas, 8 ans, wiedergeben bei Guillaume Monsaingeon: Mappamundi, Art et cartographie, Ed. Parenth\u00e8ses 2013, S.17, in Ausz\u00fcgen <a href=\"https:\/\/editionsparentheses.com\/IMG\/pdf\/P276_MAPPAMUNDI_ART_CARTOGRAPHIE_EXTRAITS.pdf\">auch im Internet<\/a>.<\/p><\/blockquote>\n<p style=\"text-align: right;\">05\/23<\/p>\n","protected":false},"excerpt":{"rendered":"<p>&#8220;Pour moi, c\u2019est le d\u00e9but de la d\u00e9liquescence : quand Nicolas Sarkozy institue un minist\u00e8re de l\u2019Identit\u00e9 nationale et propose cette \u00e9quation au d\u00e9bat, la lib\u00e9ration de la parole raciste est imm\u00e9diate. Cela a d\u00e9sinhib\u00e9 les gens et les vannes ne se sont plus jamais ferm\u00e9es depuis. Sarkozy a ramen\u00e9 la France aux dimensions de [&hellip;]<\/p>\n","protected":false},"author":1,"featured_media":0,"comment_status":"open","ping_status":"closed","sticky":false,"template":"","format":"standard","meta":[],"categories":[8,3],"tags":[],"_links":{"self":[{"href":"https:\/\/www.woydt.be\/blog\/index.php?rest_route=\/wp\/v2\/posts\/3305"}],"collection":[{"href":"https:\/\/www.woydt.be\/blog\/index.php?rest_route=\/wp\/v2\/posts"}],"about":[{"href":"https:\/\/www.woydt.be\/blog\/index.php?rest_route=\/wp\/v2\/types\/post"}],"author":[{"embeddable":true,"href":"https:\/\/www.woydt.be\/blog\/index.php?rest_route=\/wp\/v2\/users\/1"}],"replies":[{"embeddable":true,"href":"https:\/\/www.woydt.be\/blog\/index.php?rest_route=%2Fwp%2Fv2%2Fcomments&post=3305"}],"version-history":[{"count":5,"href":"https:\/\/www.woydt.be\/blog\/index.php?rest_route=\/wp\/v2\/posts\/3305\/revisions"}],"predecessor-version":[{"id":5632,"href":"https:\/\/www.woydt.be\/blog\/index.php?rest_route=\/wp\/v2\/posts\/3305\/revisions\/5632"}],"wp:attachment":[{"href":"https:\/\/www.woydt.be\/blog\/index.php?rest_route=%2Fwp%2Fv2%2Fmedia&parent=3305"}],"wp:term":[{"taxonomy":"category","embeddable":true,"href":"https:\/\/www.woydt.be\/blog\/index.php?rest_route=%2Fwp%2Fv2%2Fcategories&post=3305"},{"taxonomy":"post_tag","embeddable":true,"href":"https:\/\/www.woydt.be\/blog\/index.php?rest_route=%2Fwp%2Fv2%2Ftags&post=3305"}],"curies":[{"name":"wp","href":"https:\/\/api.w.org\/{rel}","templated":true}]}}