{"id":3346,"date":"2023-07-01T18:58:10","date_gmt":"2023-07-01T16:58:10","guid":{"rendered":"https:\/\/www.woydt.be\/blog\/?p=3346"},"modified":"2023-08-02T15:42:03","modified_gmt":"2023-08-02T13:42:03","slug":"kindergartisierung","status":"publish","type":"post","link":"https:\/\/www.woydt.be\/blog\/?p=3346","title":{"rendered":"Kindergartisierung"},"content":{"rendered":"<p><img class=\"size-full wp-image-3433 aligncenter\" src=\"https:\/\/www.woydt.be\/blog\/wp-content\/uploads\/2023\/07\/artikelbild_buntstifte_alfred.png\" alt=\"\" width=\"40%\" srcset=\"https:\/\/www.woydt.be\/blog\/wp-content\/uploads\/2023\/07\/artikelbild_buntstifte_alfred.png 939w, https:\/\/www.woydt.be\/blog\/wp-content\/uploads\/2023\/07\/artikelbild_buntstifte_alfred-300x265.png 300w, https:\/\/www.woydt.be\/blog\/wp-content\/uploads\/2023\/07\/artikelbild_buntstifte_alfred-768x680.png 768w\" sizes=\"(max-width: 939px) 100vw, 939px\" \/><\/p>\n<p>&#8220;Die Kindergartisierung Deutschlands, sie zeigt sich in den Debatten \u00fcber die <a href=\"https:\/\/www.woydt.be\/blog\/?p=536\">AfD<\/a>, aber auch im Umgang mit der <a href=\"https:\/\/www.woydt.be\/blog\/?p=2977\">Klimakrise<\/a> und den Ma\u00dfnahmen dagegen, etwa dem Heizungsgesetz. St\u00e4ndig m\u00fcssen alle &#8216;mitgenommen&#8217;, darf niemand &#8216;\u00fcberfordert&#8217; werden. St\u00e4ndig soll man &#8216;zuh\u00f6ren&#8217;, auch wenn da nur Geschrei kommt. Jegliche Zumutung des <a href=\"https:\/\/www.woydt.be\/blog\/?p=1323\">Lebens<\/a> soll von den <a href=\"https:\/\/www.woydt.be\/blog\/?p=565\">B\u00fcrgerInnen<\/a> ferngehalten werden, es k\u00f6nnte sie verunsichern. &#8230;<\/p>\n<p>Es ist h\u00f6chste Zeit, die AfD und ihre W\u00e4hlerInnen wie <a href=\"https:\/\/www.woydt.be\/blog\/?p=3284\">Erwachsene<\/a> zu behandeln. <a href=\"https:\/\/www.woydt.be\/blog\/?p=755\">Menschen<\/a> w\u00e4hlen <a href=\"https:\/\/www.woydt.be\/blog\/?p=227\">Rechtsextreme<\/a>, weil sie rechtsextrem sind oder weil sie davon profitieren, wenn Rechtsextreme <a href=\"https:\/\/www.woydt.be\/blog\/?p=34\">Macht<\/a> erlangen. Rechtsextreme muss man ausgrenzen, bek\u00e4mpfen, schlagen, mit allen Mitteln. Und wer nach Gr\u00fcnden f\u00fcr ihren Erfolg sucht, sollte sich nicht mit Kr\u00e4nkungen und P\u00e4dagogik besch\u00e4ftigen, sondern mit den Grundlagen des Erfolgs. &#8230;<\/p>\n<p>Rechts<a href=\"https:\/\/www.woydt.be\/blog\/?p=687\">populismus<\/a> ist europaweit auf dem Vormarsch. Wer eine Alternative zu ihm will, muss die Schw\u00e4che der <a href=\"https:\/\/www.woydt.be\/blog\/?p=20\">Linken<\/a> \u00fcberwinden, <a href=\"https:\/\/www.woydt.be\/blog\/?p=41\">Antifaschismus<\/a> und Umverteilung organisieren. Auf die <a href=\"https:\/\/www.woydt.be\/blog\/?p=371\">Parteien<\/a> der <a href=\"https:\/\/www.woydt.be\/blog\/?p=1188\">Mitte<\/a> kann man dabei nicht setzen. Sie haben nicht mehr anzubieten als Streicheleinheiten.&#8221;<\/p>\n<blockquote><p>aus: Kersten Augustin: Deutschland ist ein Kindergarten, taz online, 1.7.23, <a href=\"https:\/\/taz.de\/Sonneberg-und-die-AfD\/!5941459\/\">im Internet<\/a><\/p>\n<p>Abb.: AFD-Fanshop online.<\/p><\/blockquote>\n<p style=\"text-align: right;\">07\/23<\/p>\n","protected":false},"excerpt":{"rendered":"<p>&#8220;Die Kindergartisierung Deutschlands, sie zeigt sich in den Debatten \u00fcber die AfD, aber auch im Umgang mit der Klimakrise und den Ma\u00dfnahmen dagegen, etwa dem Heizungsgesetz. St\u00e4ndig m\u00fcssen alle &#8216;mitgenommen&#8217;, darf niemand &#8216;\u00fcberfordert&#8217; werden. St\u00e4ndig soll man &#8216;zuh\u00f6ren&#8217;, auch wenn da nur Geschrei kommt. Jegliche Zumutung des Lebens soll von den B\u00fcrgerInnen ferngehalten werden, es [&hellip;]<\/p>\n","protected":false},"author":1,"featured_media":0,"comment_status":"open","ping_status":"closed","sticky":false,"template":"","format":"standard","meta":[],"categories":[6,3],"tags":[],"_links":{"self":[{"href":"https:\/\/www.woydt.be\/blog\/index.php?rest_route=\/wp\/v2\/posts\/3346"}],"collection":[{"href":"https:\/\/www.woydt.be\/blog\/index.php?rest_route=\/wp\/v2\/posts"}],"about":[{"href":"https:\/\/www.woydt.be\/blog\/index.php?rest_route=\/wp\/v2\/types\/post"}],"author":[{"embeddable":true,"href":"https:\/\/www.woydt.be\/blog\/index.php?rest_route=\/wp\/v2\/users\/1"}],"replies":[{"embeddable":true,"href":"https:\/\/www.woydt.be\/blog\/index.php?rest_route=%2Fwp%2Fv2%2Fcomments&post=3346"}],"version-history":[{"count":4,"href":"https:\/\/www.woydt.be\/blog\/index.php?rest_route=\/wp\/v2\/posts\/3346\/revisions"}],"predecessor-version":[{"id":3435,"href":"https:\/\/www.woydt.be\/blog\/index.php?rest_route=\/wp\/v2\/posts\/3346\/revisions\/3435"}],"wp:attachment":[{"href":"https:\/\/www.woydt.be\/blog\/index.php?rest_route=%2Fwp%2Fv2%2Fmedia&parent=3346"}],"wp:term":[{"taxonomy":"category","embeddable":true,"href":"https:\/\/www.woydt.be\/blog\/index.php?rest_route=%2Fwp%2Fv2%2Fcategories&post=3346"},{"taxonomy":"post_tag","embeddable":true,"href":"https:\/\/www.woydt.be\/blog\/index.php?rest_route=%2Fwp%2Fv2%2Ftags&post=3346"}],"curies":[{"name":"wp","href":"https:\/\/api.w.org\/{rel}","templated":true}]}}