{"id":3439,"date":"2023-08-06T02:53:48","date_gmt":"2023-08-06T00:53:48","guid":{"rendered":"https:\/\/www.woydt.be\/blog\/?p=3439"},"modified":"2024-05-15T17:45:36","modified_gmt":"2024-05-15T16:45:36","slug":"corona-2","status":"publish","type":"post","link":"https:\/\/www.woydt.be\/blog\/?p=3439","title":{"rendered":"Corona 2"},"content":{"rendered":"<p><img class=\"size-full wp-image-3585 aligncenter\" src=\"https:\/\/www.woydt.be\/blog\/wp-content\/uploads\/2023\/08\/rf-art-corona-2021-kooness-com.webp\" alt=\"\" width=\"40%\" srcset=\"https:\/\/www.woydt.be\/blog\/wp-content\/uploads\/2023\/08\/rf-art-corona-2021-kooness-com.webp 800w, https:\/\/www.woydt.be\/blog\/wp-content\/uploads\/2023\/08\/rf-art-corona-2021-kooness-com-215x300.webp 215w, https:\/\/www.woydt.be\/blog\/wp-content\/uploads\/2023\/08\/rf-art-corona-2021-kooness-com-735x1024.webp 735w, https:\/\/www.woydt.be\/blog\/wp-content\/uploads\/2023\/08\/rf-art-corona-2021-kooness-com-768x1070.webp 768w\" sizes=\"(max-width: 800px) 100vw, 800px\" \/><\/p>\n<p>&#8220;Die <a href=\"https:\/\/www.woydt.be\/blog\/?p=1504\">Coronapandemie<\/a> hat bei allen Altersgruppen zu schweren Einschnitten des normalen Lebensrhythmus gef\u00fchrt. Viele <a href=\"https:\/\/www.woydt.be\/blog\/?p=755\">Menschen<\/a> haben das <a href=\"https:\/\/www.woydt.be\/blog\/?p=1876\">Gef\u00fchl<\/a>, aus dem Tritt geraten zu sein, die Kontrolle verloren zu haben, sie sind ersch\u00f6pft. Man kann eine Analogie zum Krankheitsbild der posttraumatischen Belastungsst\u00f6rung ziehen. &#8230;<\/p>\n<p>Da wei\u00df man, dass das wahre Ausma\u00df einer Belastung sich erst zeigt, wenn man die akute <a href=\"https:\/\/www.woydt.be\/blog\/?p=413\">Krise<\/a> eigentlich schon hinter sich hat. Einen solchen Effekt beobachten wir in allen Altersgruppen, bei jungen Leuten besonders stark. Wir haben es mit einer psychisch sehr belasteten, sehr ersch\u00f6pften Bev\u00f6lkerung zu tun. Die br\u00e4uchte jetzt eigentlich Ruhe. Aber stattdessen stehen wir vor den n\u00e4chsten Krisen: <a href=\"https:\/\/www.woydt.be\/blog\/?p=2977\">Klima<\/a>, <a href=\"https:\/\/www.woydt.be\/blog\/?p=325\">Krieg<\/a>, Inflation, vielleicht auch noch eine Fluchtbewegung. Auch diese Krisen k\u00f6nnen von einem <a href=\"https:\/\/www.woydt.be\/blog\/?p=103\">Individuum<\/a> nicht mit eigenen Ressourcen bew\u00e4ltigt werden. Es ist die n\u00e4chste <a href=\"https:\/\/www.woydt.be\/blog\/?p=186\">\u00dcberforderung<\/a>. &#8230;<\/p>\n<p>Die Belastungssymptome gehen in drei Richtungen. &#8230;<\/p>\n<p>[1] nach innen &#8230; Angst- und Essst\u00f6rungen und <a href=\"https:\/\/www.woydt.be\/blog\/?p=4807\">Depressionen<\/a>. &#8230;<\/p>\n<p>[2] nach drau\u00dfen, &#8230; Aggressivit\u00e4t, &#8230; politisch extreme Haltungen. &#8230;<\/p>\n<p>[3] Sucht als Ausweichstrategie, um sich Entlastung zu verschaffen &#8230; [auch] <a href=\"https:\/\/www.woydt.be\/blog\/?p=1478\">Verschw\u00f6rungstheorie<\/a> zum Beispiel, &#8230; Die gibt mir Sicherheit, weil ich wei\u00df, woran es liegt. Ich habe die Ursache gefunden &#8230; ich kenne den <a href=\"https:\/\/www.woydt.be\/blog\/?p=2723\">Schuldigen<\/a> &#8230; ich kann also nichts tun. &#8230;<\/p>\n<p>Nach dem Konzept der Salutogenese des Soziologen Aaron Antonovsky braucht der <a href=\"https:\/\/www.woydt.be\/blog\/?p=141\">Mensch<\/a> &#8230; drei Dinge &#8230;:<\/p>\n<p>[1] das Gef\u00fchl &#8230; ich kann die Welt verstehen,<\/p>\n<p>[2] dass &#8230; die <a href=\"https:\/\/www.woydt.be\/blog\/?p=99\">Herausforderungen<\/a>, die vor mir liegen, <a href=\"https:\/\/www.woydt.be\/blog\/?p=550\">machbar<\/a> sind,<\/p>\n<p>[3] dass &#8230; es sich &#8230; lohnt, in die Zukunft zu investieren. &#8230;<\/p>\n<p>Wenn dieses Gef\u00fchl Schaden nimmt, dann werde ich pessimistisch, glaube weder an mich noch an die Gesellschaft und suche nach rettenden Strohhalmen. &#8230;<\/p>\n<p>Notwendig ist eine ermutigende und erm\u00e4chtigende Politik, das, was im Englischen so sch\u00f6n Empowerment hei\u00dft. &#8230;<\/p>\n<p>Alle <a href=\"https:\/\/www.woydt.be\/blog\/?p=2817\">Erfahrungen<\/a> aus der Psychiatrie sagen, dass eine posttraumatische Belastungsst\u00f6rung heilbar ist. Das braucht <a href=\"https:\/\/www.woydt.be\/blog\/?p=218\">Zeit<\/a>, der wichtigste Schritt ist, wieder die Kontrolle \u00fcber das eigene <a href=\"https:\/\/www.woydt.be\/blog\/?p=122\">Leben<\/a> zu gewinnen. Dazu muss <a href=\"https:\/\/www.woydt.be\/blog\/?p=531\">ich<\/a> das Trauma, was mich umgeworfen hat, verstehen. Ich muss anerkennen, dass es jetzt Bestandteil meines <a href=\"https:\/\/www.woydt.be\/blog\/?p=1323\">Lebens<\/a> ist und ich damit leben muss. Wichtig ist dabei, dass ich nicht st\u00e4ndig an das Ohnmachtsgef\u00fchl erinnert werde. Deswegen ist es bei den gro\u00dfen politischen Herausforderungen jetzt so wichtig, dass die <a href=\"https:\/\/www.woydt.be\/blog\/?p=175\">Regierung<\/a> mit der Bev\u00f6lkerung einen Minimalkonsens herstellt. &#8230; Alle &#8230; m\u00fcssten zeigen, dass sie in der Lage sind, eine gro\u00dfe Herausforderung gemeinsam zu <a href=\"https:\/\/www.woydt.be\/blog\/?p=166\">l\u00f6sen<\/a>. Auf keinen Fall getroffene Vereinbarungen wieder infrage stellen, das unterh\u00f6hlt jede <a href=\"https:\/\/www.woydt.be\/blog\/?p=314\">Glaubw\u00fcrdigkeit<\/a> und jede Verl\u00e4sslichkeit. <a href=\"https:\/\/www.woydt.be\/blog\/?p=1918\">Ich<\/a> <a href=\"https:\/\/www.woydt.be\/blog\/?p=1117\">glaube<\/a>, das ist das Schlimmste, was der Ampel passiert ist.&#8221;<\/p>\n<blockquote><p>aus: Klaus Hurrelmann: Die Bev\u00f6lkerung ist ersch\u00f6pft, interviewt durch Sabine am Orde, taz online, 3.8.23, <a href=\"https:\/\/taz.de\/Forscher-ueber-Zustand-der-Gesellschaft\/!5951963\/\">im Internet<\/a>.<\/p>\n<p>Abb.: RF Art: Corona, 2021, <a href=\"https:\/\/www.kooness.com\/artworks\/rf-art-corona-prints\">im Internet<\/a>.<\/p><\/blockquote>\n<p style=\"text-align: right;\">07\/23<\/p>\n","protected":false},"excerpt":{"rendered":"<p>&#8220;Die Coronapandemie hat bei allen Altersgruppen zu schweren Einschnitten des normalen Lebensrhythmus gef\u00fchrt. Viele Menschen haben das Gef\u00fchl, aus dem Tritt geraten zu sein, die Kontrolle verloren zu haben, sie sind ersch\u00f6pft. Man kann eine Analogie zum Krankheitsbild der posttraumatischen Belastungsst\u00f6rung ziehen. &#8230; Da wei\u00df man, dass das wahre Ausma\u00df einer Belastung sich erst zeigt, [&hellip;]<\/p>\n","protected":false},"author":1,"featured_media":0,"comment_status":"open","ping_status":"closed","sticky":false,"template":"","format":"standard","meta":[],"categories":[6,3],"tags":[],"_links":{"self":[{"href":"https:\/\/www.woydt.be\/blog\/index.php?rest_route=\/wp\/v2\/posts\/3439"}],"collection":[{"href":"https:\/\/www.woydt.be\/blog\/index.php?rest_route=\/wp\/v2\/posts"}],"about":[{"href":"https:\/\/www.woydt.be\/blog\/index.php?rest_route=\/wp\/v2\/types\/post"}],"author":[{"embeddable":true,"href":"https:\/\/www.woydt.be\/blog\/index.php?rest_route=\/wp\/v2\/users\/1"}],"replies":[{"embeddable":true,"href":"https:\/\/www.woydt.be\/blog\/index.php?rest_route=%2Fwp%2Fv2%2Fcomments&post=3439"}],"version-history":[{"count":9,"href":"https:\/\/www.woydt.be\/blog\/index.php?rest_route=\/wp\/v2\/posts\/3439\/revisions"}],"predecessor-version":[{"id":4866,"href":"https:\/\/www.woydt.be\/blog\/index.php?rest_route=\/wp\/v2\/posts\/3439\/revisions\/4866"}],"wp:attachment":[{"href":"https:\/\/www.woydt.be\/blog\/index.php?rest_route=%2Fwp%2Fv2%2Fmedia&parent=3439"}],"wp:term":[{"taxonomy":"category","embeddable":true,"href":"https:\/\/www.woydt.be\/blog\/index.php?rest_route=%2Fwp%2Fv2%2Fcategories&post=3439"},{"taxonomy":"post_tag","embeddable":true,"href":"https:\/\/www.woydt.be\/blog\/index.php?rest_route=%2Fwp%2Fv2%2Ftags&post=3439"}],"curies":[{"name":"wp","href":"https:\/\/api.w.org\/{rel}","templated":true}]}}