{"id":352,"date":"2009-09-16T14:50:54","date_gmt":"2009-09-16T12:50:54","guid":{"rendered":"http:\/\/www.woydt.be\/blog\/?p=352"},"modified":"2023-12-22T00:10:19","modified_gmt":"2023-12-21T23:10:19","slug":"unpunktlichkieit","status":"publish","type":"post","link":"https:\/\/www.woydt.be\/blog\/?p=352","title":{"rendered":"Unp\u00fcnktlichkieit"},"content":{"rendered":"<p>&#8220;<a href=\"https:\/\/www.woydt.be\/blog\/?p=61\">Deutsche<\/a> sollten nicht den Fehler machen, die spanische oder auch italienische Gro\u00dfz\u00fcgigkeit im Umgang mit der <a href=\"https:\/\/www.woydt.be\/blog\/?p=218\">Zeit<\/a> als eine Art Defizit, als einen noch nicht erreichten Zustand der Zuverl\u00e4ssigkeit anzusehen. Das hie\u00dfe, mediterrane Einstellungen an unserem Tugendsystem zu messen. Unp\u00fcnktlichkeit ist keine Unf\u00e4higkeit, mit der Zeit umzugehen, sondern eine Demonstration der <a href=\"https:\/\/www.woydt.be\/blog\/?p=237\">Freiheit<\/a>, der Weigerung, das eigene <a href=\"https:\/\/www.woydt.be\/blog\/?p=122\">Leben<\/a> zu planen und es aller Spontaneit\u00e4t zu berauben. Der h\u00f6chste Wert ist nicht die sklavische Befolgung eines Stunden- und Wochenplanes, sondern die Demonstration der <a href=\"https:\/\/www.woydt.be\/blog\/?p=2701\">Souver\u00e4nit\u00e4t<\/a>, die allein zu einem Leben in Grandezza und einem w\u00fcrdigen Stil pa\u00dft.&#8221;<\/p>\n<blockquote><p>aus: Dietrich Schwanitz;: <a href=\"https:\/\/www.woydt.be\/blog\/?p=50\">Bildung<\/a>. Alles, was man wissen mu\u00df. M\u00fcnchen: Goldmann 2002, S.591.<\/p><\/blockquote>\n<p>07\/06<\/p>\n","protected":false},"excerpt":{"rendered":"<p>&#8220;Deutsche sollten nicht den Fehler machen, die spanische oder auch italienische Gro\u00dfz\u00fcgigkeit im Umgang mit der Zeit als eine Art Defizit, als einen noch nicht erreichten Zustand der Zuverl\u00e4ssigkeit anzusehen. Das hie\u00dfe, mediterrane Einstellungen an unserem Tugendsystem zu messen. Unp\u00fcnktlichkeit ist keine Unf\u00e4higkeit, mit der Zeit umzugehen, sondern eine Demonstration der Freiheit, der Weigerung, das [&hellip;]<\/p>\n","protected":false},"author":1,"featured_media":0,"comment_status":"closed","ping_status":"closed","sticky":false,"template":"","format":"standard","meta":[],"categories":[6,3],"tags":[],"_links":{"self":[{"href":"https:\/\/www.woydt.be\/blog\/index.php?rest_route=\/wp\/v2\/posts\/352"}],"collection":[{"href":"https:\/\/www.woydt.be\/blog\/index.php?rest_route=\/wp\/v2\/posts"}],"about":[{"href":"https:\/\/www.woydt.be\/blog\/index.php?rest_route=\/wp\/v2\/types\/post"}],"author":[{"embeddable":true,"href":"https:\/\/www.woydt.be\/blog\/index.php?rest_route=\/wp\/v2\/users\/1"}],"replies":[{"embeddable":true,"href":"https:\/\/www.woydt.be\/blog\/index.php?rest_route=%2Fwp%2Fv2%2Fcomments&post=352"}],"version-history":[{"count":2,"href":"https:\/\/www.woydt.be\/blog\/index.php?rest_route=\/wp\/v2\/posts\/352\/revisions"}],"predecessor-version":[{"id":4376,"href":"https:\/\/www.woydt.be\/blog\/index.php?rest_route=\/wp\/v2\/posts\/352\/revisions\/4376"}],"wp:attachment":[{"href":"https:\/\/www.woydt.be\/blog\/index.php?rest_route=%2Fwp%2Fv2%2Fmedia&parent=352"}],"wp:term":[{"taxonomy":"category","embeddable":true,"href":"https:\/\/www.woydt.be\/blog\/index.php?rest_route=%2Fwp%2Fv2%2Fcategories&post=352"},{"taxonomy":"post_tag","embeddable":true,"href":"https:\/\/www.woydt.be\/blog\/index.php?rest_route=%2Fwp%2Fv2%2Ftags&post=352"}],"curies":[{"name":"wp","href":"https:\/\/api.w.org\/{rel}","templated":true}]}}