{"id":355,"date":"2009-10-01T20:29:33","date_gmt":"2009-10-01T18:29:33","guid":{"rendered":"http:\/\/www.woydt.be\/blog\/?p=355"},"modified":"2024-08-08T21:53:58","modified_gmt":"2024-08-08T20:53:58","slug":"emancipation","status":"publish","type":"post","link":"https:\/\/www.woydt.be\/blog\/?p=355","title":{"rendered":"Emancipation 3"},"content":{"rendered":"<p><img class=\"size-full wp-image-4906 aligncenter\" src=\"https:\/\/www.woydt.be\/blog\/wp-content\/uploads\/2009\/10\/man-ray-vierge-non-appriviosee-1964.jpeg\" alt=\"\" width=\"40%\" srcset=\"https:\/\/www.woydt.be\/blog\/wp-content\/uploads\/2009\/10\/man-ray-vierge-non-appriviosee-1964.jpeg 512w, https:\/\/www.woydt.be\/blog\/wp-content\/uploads\/2009\/10\/man-ray-vierge-non-appriviosee-1964-200x300.jpeg 200w\" sizes=\"(max-width: 512px) 100vw, 512px\" \/><\/p>\n<p>&#8220;Est-ce que &#8216;<a href=\"https:\/\/www.woydt.be\/blog\/?p=20\">gauche&#8217;<\/a> ne devrait aussi dire de l&#8217;\u00e9mancipation ? Se lib\u00e9rer de ses chaines, se lib\u00e9rer de toute tutelle, ne plus \u00eatre command\u00e9, avoir acc\u00e8s \u00e0 l&#8217;enseignement, pouvoir se former, pouvoir <a href=\"https:\/\/www.woydt.be\/blog\/?p=59\">r\u00e9fl\u00e9chir<\/a> soi-m\u00eame &#8230;?<\/p>\n<p>C&#8217;est la droite qui ne voit l&#8217;<a href=\"https:\/\/www.woydt.be\/blog\/?p=103\">individualisme<\/a> que comme un <a href=\"https:\/\/www.woydt.be\/blog\/?p=5346\">privil\u00e8ge<\/a> pour une petite caste, c&#8217;est la droite qui aime les <a href=\"https:\/\/www.woydt.be\/blog\/?p=43\">pauvres<\/a> sages comme un troupeau des moutons, c&#8217;est la droite qui emp\u00eache les gens de sortir de leur communaut\u00e9. \u00catre de gauche, \u00e7a veut dire de se battre pour que tout le monde aura la <a href=\"https:\/\/www.woydt.be\/blog\/?p=237\">libert\u00e9<\/a> de devenir individu.&#8221;<\/p>\n<blockquote><p>Mon <a href=\"https:\/\/jsschaerbeek.canalblog.com\/archives\/2008\/04\/21\/8897692.html#comments\" target=\"newjss\" rel=\"noopener\">commentaire<\/a> du 6.11.8 a un article sur le blog des Jeunes Socialistes de Schaerbeek, intitul\u00e9 &#8220;Etre de gauche en 2008.&#8221;.<\/p>\n<p>Abb.: Man Ray: Vierge non apprivois\u00e9e, 1964.<\/p><\/blockquote>\n<p style=\"text-align: right;\">11\/08<\/p>\n","protected":false},"excerpt":{"rendered":"<p>&#8220;Est-ce que &#8216;gauche&#8217; ne devrait aussi dire de l&#8217;\u00e9mancipation ? Se lib\u00e9rer de ses chaines, se lib\u00e9rer de toute tutelle, ne plus \u00eatre command\u00e9, avoir acc\u00e8s \u00e0 l&#8217;enseignement, pouvoir se former, pouvoir r\u00e9fl\u00e9chir soi-m\u00eame &#8230;? C&#8217;est la droite qui ne voit l&#8217;individualisme que comme un privil\u00e8ge pour une petite caste, c&#8217;est la droite qui aime [&hellip;]<\/p>\n","protected":false},"author":1,"featured_media":0,"comment_status":"closed","ping_status":"closed","sticky":false,"template":"","format":"standard","meta":[],"categories":[8,5],"tags":[],"_links":{"self":[{"href":"https:\/\/www.woydt.be\/blog\/index.php?rest_route=\/wp\/v2\/posts\/355"}],"collection":[{"href":"https:\/\/www.woydt.be\/blog\/index.php?rest_route=\/wp\/v2\/posts"}],"about":[{"href":"https:\/\/www.woydt.be\/blog\/index.php?rest_route=\/wp\/v2\/types\/post"}],"author":[{"embeddable":true,"href":"https:\/\/www.woydt.be\/blog\/index.php?rest_route=\/wp\/v2\/users\/1"}],"replies":[{"embeddable":true,"href":"https:\/\/www.woydt.be\/blog\/index.php?rest_route=%2Fwp%2Fv2%2Fcomments&post=355"}],"version-history":[{"count":6,"href":"https:\/\/www.woydt.be\/blog\/index.php?rest_route=\/wp\/v2\/posts\/355\/revisions"}],"predecessor-version":[{"id":5379,"href":"https:\/\/www.woydt.be\/blog\/index.php?rest_route=\/wp\/v2\/posts\/355\/revisions\/5379"}],"wp:attachment":[{"href":"https:\/\/www.woydt.be\/blog\/index.php?rest_route=%2Fwp%2Fv2%2Fmedia&parent=355"}],"wp:term":[{"taxonomy":"category","embeddable":true,"href":"https:\/\/www.woydt.be\/blog\/index.php?rest_route=%2Fwp%2Fv2%2Fcategories&post=355"},{"taxonomy":"post_tag","embeddable":true,"href":"https:\/\/www.woydt.be\/blog\/index.php?rest_route=%2Fwp%2Fv2%2Ftags&post=355"}],"curies":[{"name":"wp","href":"https:\/\/api.w.org\/{rel}","templated":true}]}}