{"id":369,"date":"2010-06-28T15:17:32","date_gmt":"2010-06-28T13:17:32","guid":{"rendered":"http:\/\/www.woydt.be\/blog\/?p=369"},"modified":"2023-12-21T23:59:07","modified_gmt":"2023-12-21T22:59:07","slug":"revanchisme","status":"publish","type":"post","link":"https:\/\/www.woydt.be\/blog\/?p=369","title":{"rendered":"R\u00e9vanchisme"},"content":{"rendered":"<p>&#8220;Non, PYL, je ne suis pas du tout d\u2019accord avec vous.<\/p>\n<p>On ne peux pas r\u00e9soudre des conflits ethniques par des arguments historiques. Il suffit \u00e0 des adversaires de choisir d\u2019autres dates de r\u00e9f\u00e9rence et tout le monde aura <a href=\"https:\/\/www.woydt.be\/blog\/?p=171\">raison<\/a>.<\/p>\n<p>Je suis <a href=\"https:\/\/www.woydt.be\/blog\/?p=61\">allemand<\/a> et j\u2019ai des anc\u00eatres germanophones qui habitaient en Sil\u00e9sie (aujourd\u2019hui polonais), en Prusse orientale (en partie aujourd\u2019hui russe, en partie polonais), en Prusse occidentale (aujourd\u2019hui polonais), dans la r\u00e9gion de Poznan (aujourd\u2019hui polonais), du S\u00fcdtirol (aujourd\u2019hui italien), du Trentino (aujourd\u2019hui italien), du Sudetenland (aujourd&#8217;hui tch\u00e8que) et de Schleswig du Nord (aujourd\u2019hui danois)\u2026<\/p>\n<p>Je trouve qu\u2019il faut laisser les gens qui habitent ces r\u00e9gions aujourd\u2019hui y vivre en paix, \u00e7a n\u2019a rien \u00e0 faire avec la question si je trouve les diff\u00e9rents \u00e9venemments <a href=\"https:\/\/www.woydt.be\/blog\/?p=84\">historiques<\/a> (<a href=\"https:\/\/www.woydt.be\/blog\/?p=171\">guerres<\/a>, trait\u00e9s etc.), qui ont eu ses <a href=\"https:\/\/www.woydt.be\/blog\/?p=171\">fronti\u00e8res<\/a> comme r\u00e9sultat, bons, justifi\u00e9s, d\u00e9plorables ou scandaleux.<\/p>\n<p>On peut parfois accuser une g\u00e9n\u00e9ration des colons violents et leur demander de se retirer. Mais comment on peut r\u00e9fuser aux <a href=\"https:\/\/www.woydt.be\/blog\/?p=111\">enfants<\/a> n\u00e9s par apr\u00e8s le droit d\u2019avoir un \u201cchez-eux\u201d? avec quel droit je pourrais oser de forcer les gens n\u00e9s \u00e0 Opole de s\u2019attaquer \u00e0 la Bielorussie ou \u00e1 l\u2019Ukraine d\u2019o\u00f9 Staline avait d\u00e9port\u00e9 leurs grand-parents pour les installer l\u00e0 o\u00f9 ils habitent aujourd\u2019hui?<\/p>\n<p>En <a href=\"https:\/\/www.woydt.be\/blog\/?p=321\">Israel<\/a> et Palestine je ne vois pas d\u2019autre chemin que les deux \u00e9tats pr\u00e9vus par les <a href=\"https:\/\/www.woydt.be\/blog\/?p=471\">r\u00e9solutions<\/a> de l\u2019ONU. Ceux, qui d\u2019un cot\u00e9 ou de l\u2019autre refusent \u00e0 l\u2019autre le droit d\u2019existence ne font que prolonger le <a href=\"https:\/\/www.woydt.be\/blog\/?p=339\">conflit<\/a> et augmenter le nombre des <a href=\"https:\/\/www.woydt.be\/blog\/?p=159\">victimes<\/a>. Il n\u2019apportent une solution \u00e0 rien. L\u2019histoire <a href=\"https:\/\/www.woydt.be\/blog\/?p=141\">humaine<\/a> \u00e9tait souvent d\u00e9j\u00e0 assez triste comme ca, il ne faut pas en ajouter.&#8221;<\/p>\n<blockquote><p>meine <a href=\"https:\/\/www.woydt.be\/blog\/?p=514\">Antwort<\/a> auf jemanden, der das Existenzrecht Israels verneint&#8230; <a href=\"https:\/\/parlemento.com\/autres\/ag-statutaire-du-mrax-sous-haute-tension-ce-dimanche\/comment-page-1\/#comment-2458\" target=\"_blank\" rel=\"noopener\">www.parlemento.com<\/a>, 28.6.10<\/p><\/blockquote>\n<p>06\/10<\/p>\n","protected":false},"excerpt":{"rendered":"<p>&#8220;Non, PYL, je ne suis pas du tout d\u2019accord avec vous. On ne peux pas r\u00e9soudre des conflits ethniques par des arguments historiques. Il suffit \u00e0 des adversaires de choisir d\u2019autres dates de r\u00e9f\u00e9rence et tout le monde aura raison. Je suis allemand et j\u2019ai des anc\u00eatres germanophones qui habitaient en Sil\u00e9sie (aujourd\u2019hui polonais), en [&hellip;]<\/p>\n","protected":false},"author":1,"featured_media":0,"comment_status":"closed","ping_status":"closed","sticky":false,"template":"","format":"standard","meta":[],"categories":[8,5],"tags":[],"_links":{"self":[{"href":"https:\/\/www.woydt.be\/blog\/index.php?rest_route=\/wp\/v2\/posts\/369"}],"collection":[{"href":"https:\/\/www.woydt.be\/blog\/index.php?rest_route=\/wp\/v2\/posts"}],"about":[{"href":"https:\/\/www.woydt.be\/blog\/index.php?rest_route=\/wp\/v2\/types\/post"}],"author":[{"embeddable":true,"href":"https:\/\/www.woydt.be\/blog\/index.php?rest_route=\/wp\/v2\/users\/1"}],"replies":[{"embeddable":true,"href":"https:\/\/www.woydt.be\/blog\/index.php?rest_route=%2Fwp%2Fv2%2Fcomments&post=369"}],"version-history":[{"count":1,"href":"https:\/\/www.woydt.be\/blog\/index.php?rest_route=\/wp\/v2\/posts\/369\/revisions"}],"predecessor-version":[{"id":4356,"href":"https:\/\/www.woydt.be\/blog\/index.php?rest_route=\/wp\/v2\/posts\/369\/revisions\/4356"}],"wp:attachment":[{"href":"https:\/\/www.woydt.be\/blog\/index.php?rest_route=%2Fwp%2Fv2%2Fmedia&parent=369"}],"wp:term":[{"taxonomy":"category","embeddable":true,"href":"https:\/\/www.woydt.be\/blog\/index.php?rest_route=%2Fwp%2Fv2%2Fcategories&post=369"},{"taxonomy":"post_tag","embeddable":true,"href":"https:\/\/www.woydt.be\/blog\/index.php?rest_route=%2Fwp%2Fv2%2Ftags&post=369"}],"curies":[{"name":"wp","href":"https:\/\/api.w.org\/{rel}","templated":true}]}}