{"id":370,"date":"2010-09-25T15:41:15","date_gmt":"2010-09-25T13:41:15","guid":{"rendered":"http:\/\/www.woydt.be\/blog\/?p=370"},"modified":"2023-12-21T23:58:16","modified_gmt":"2023-12-21T22:58:16","slug":"historismus","status":"publish","type":"post","link":"https:\/\/www.woydt.be\/blog\/?p=370","title":{"rendered":"Historismus 1"},"content":{"rendered":"<p>&#8220;Der <a href=\"https:\/\/www.woydt.be\/blog\/?p=3198\">Historismus<\/a> hatte das Gef\u00fchl der Bodenst\u00e4ndigkeit des <a href=\"https:\/\/www.woydt.be\/blog\/?p=141\">Menschen<\/a> aufgelockert und das einst stabile Weltbild, in dem ein jedes Ding und jedes <a href=\"https:\/\/www.woydt.be\/blog\/?p=122\">Lebende<\/a> seinen nach einem <a href=\"https:\/\/www.woydt.be\/blog\/?p=92\">g\u00f6ttlichen<\/a> Plan bestimmten Ort hatte, in Bewegung gebracht. Unser Lebensgef\u00fchl sagt uns: alles k\u00f6nnte auch anders sein. Alles ist historisch geworden, durch unz\u00e4hlige Ursachen so bestimmt, wie es gerade ist. Anfangs empfindet man dieses <a href=\"https:\/\/www.woydt.be\/blog\/?p=84\">Historisch-Bedingtsein<\/a> &#8230; nur gegen\u00fcber den &#8216;\u00e4u\u00dferen Gebilden&#8217;, nur Politik, <a href=\"https:\/\/www.woydt.be\/blog\/?p=119\">Kunst<\/a>, <a href=\"https:\/\/www.woydt.be\/blog\/?p=18\">Wissenschaft<\/a> scheinen einem historischen <a href=\"https:\/\/www.woydt.be\/blog\/?p=304\">Wandel<\/a> unterworfen zu sein. Sp\u00e4ter greift dieses Gef\u00fchl des historischen Bedingtseins auch auf die Substanz selbst \u00fcber. Auch unsere Gef\u00fchle, letzte Stellungnahmen, Empfindungen erscheinen als geworden. Der Boden, von dem aus wir bisher als aus einem stabilen Standort die Welt betrachteten, ist aufgelockert, unser ganzes Ich ist preisgegeben, wir scheinen gleichsam \u00fcber uns selbst zu schweben. In tausend Gestalten finden wir uns wieder, es ist dieselbe seelische Lage, die einst die Seefahrer <a href=\"https:\/\/www.woydt.be\/blog\/?p=426\">in die r\u00e4umliche Ferne trieb<\/a>, die den Historiker zu seinem Wandern und <a href=\"https:\/\/www.woydt.be\/blog\/?p=67\">Einf\u00fchlen<\/a> in die <a href=\"https:\/\/www.woydt.be\/blog\/?p=208\">Vergangenheit<\/a> bestimmt.&#8221;<\/p>\n<blockquote><p>aus: Karl Mannheim: \u00dcber die Eigenart kultursoziologischer Erkenntnis, <a href=\"https:\/\/www.woydt.be\/blog\/?p=482\">geschrieben<\/a> 1922, hier aus: ders.: Strukturen des <a href=\"https:\/\/www.woydt.be\/blog\/?p=59\">Denkens<\/a>, Frankfurt(Main): Suhrkamp 1980, 137\/138.<\/p><\/blockquote>\n<p style=\"text-align: right;\">09\/10<\/p>\n","protected":false},"excerpt":{"rendered":"<p>&#8220;Der Historismus hatte das Gef\u00fchl der Bodenst\u00e4ndigkeit des Menschen aufgelockert und das einst stabile Weltbild, in dem ein jedes Ding und jedes Lebende seinen nach einem g\u00f6ttlichen Plan bestimmten Ort hatte, in Bewegung gebracht. Unser Lebensgef\u00fchl sagt uns: alles k\u00f6nnte auch anders sein. Alles ist historisch geworden, durch unz\u00e4hlige Ursachen so bestimmt, wie es gerade [&hellip;]<\/p>\n","protected":false},"author":1,"featured_media":0,"comment_status":"closed","ping_status":"closed","sticky":false,"template":"","format":"standard","meta":[],"categories":[6,3],"tags":[],"_links":{"self":[{"href":"https:\/\/www.woydt.be\/blog\/index.php?rest_route=\/wp\/v2\/posts\/370"}],"collection":[{"href":"https:\/\/www.woydt.be\/blog\/index.php?rest_route=\/wp\/v2\/posts"}],"about":[{"href":"https:\/\/www.woydt.be\/blog\/index.php?rest_route=\/wp\/v2\/types\/post"}],"author":[{"embeddable":true,"href":"https:\/\/www.woydt.be\/blog\/index.php?rest_route=\/wp\/v2\/users\/1"}],"replies":[{"embeddable":true,"href":"https:\/\/www.woydt.be\/blog\/index.php?rest_route=%2Fwp%2Fv2%2Fcomments&post=370"}],"version-history":[{"count":3,"href":"https:\/\/www.woydt.be\/blog\/index.php?rest_route=\/wp\/v2\/posts\/370\/revisions"}],"predecessor-version":[{"id":4355,"href":"https:\/\/www.woydt.be\/blog\/index.php?rest_route=\/wp\/v2\/posts\/370\/revisions\/4355"}],"wp:attachment":[{"href":"https:\/\/www.woydt.be\/blog\/index.php?rest_route=%2Fwp%2Fv2%2Fmedia&parent=370"}],"wp:term":[{"taxonomy":"category","embeddable":true,"href":"https:\/\/www.woydt.be\/blog\/index.php?rest_route=%2Fwp%2Fv2%2Fcategories&post=370"},{"taxonomy":"post_tag","embeddable":true,"href":"https:\/\/www.woydt.be\/blog\/index.php?rest_route=%2Fwp%2Fv2%2Ftags&post=370"}],"curies":[{"name":"wp","href":"https:\/\/api.w.org\/{rel}","templated":true}]}}