{"id":4085,"date":"2023-12-05T18:56:40","date_gmt":"2023-12-05T16:56:40","guid":{"rendered":"https:\/\/www.woydt.be\/blog\/?p=4085"},"modified":"2023-12-06T23:36:53","modified_gmt":"2023-12-06T21:36:53","slug":"umstritten","status":"publish","type":"post","link":"https:\/\/www.woydt.be\/blog\/?p=4085","title":{"rendered":"umstritten"},"content":{"rendered":"<p>&#8220;&#8230; R\u00f6dder jedoch glaubt, die Bezeichnung &#8216;umstritten&#8217; ehre jeden \u201eunabh\u00e4ngigen Kopf\u201c. Ein <a href=\"https:\/\/www.woydt.be\/blog\/?p=1568\">68er<\/a>-Irrtum. Denn jede <a href=\"https:\/\/www.woydt.be\/blog\/?p=57\">demokratische<\/a> Selbstvergewisserung beginnt mit der Festlegung von Grunds\u00e4tzen, die unumstritten sind, wie es in der <a href=\"https:\/\/www.woydt.be\/blog\/?p=14\">amerikanischen<\/a> Unabh\u00e4ngigkeitserkl\u00e4rung hei\u00dft: &#8216;We hold these <a href=\"https:\/\/www.woydt.be\/blog\/?p=212\">truths<\/a> to be self-evident &#8230;&#8217;<\/p>\n<p>Wer diese Wahrheiten \u2013 dass alle <a href=\"https:\/\/www.woydt.be\/blog\/?p=755\">Menschen<\/a> das gleiche Recht auf <a href=\"https:\/\/www.woydt.be\/blog\/?p=3734\">Leben<\/a>, <a href=\"https:\/\/www.woydt.be\/blog\/?p=1046\">Freiheit<\/a> und <a href=\"https:\/\/www.woydt.be\/blog\/?p=91\">Gl\u00fcck<\/a> haben, dass <a href=\"https:\/\/www.woydt.be\/blog\/?p=175\">Regierungen<\/a> diese Rechte zu garantieren haben usw. \u2013 nicht teilt, mag umstritten sein, aber das ist dann kein Ehrentitel. Umstritten sind ja auch <a href=\"https:\/\/www.woydt.be\/blog\/?p=2542\">Putin<\/a>-Freunde und Relativierer des DDR- Unrechts. Von Impfgegnern und Leugnern des <a href=\"https:\/\/www.woydt.be\/blog\/?p=2977\">Klimawandels<\/a>, Islamfeinden und Israelhassern ganz zu schweigen. Alle halten sich f\u00fcr &#8216;unabh\u00e4ngige K\u00f6pfe&#8217;, sind aber nur Gefolgsleute irgendeines <a href=\"https:\/\/www.woydt.be\/blog\/?p=3112\">Alternativ<\/a>-Mainstreams. &#8230;&#8221;<\/p>\n<blockquote><p>aus: Alan Posener: Andreas R\u00f6dder und die Nazikeule, starke meinungen de, 16.07.23, <a href=\"https:\/\/starke-meinungen.de\/blog\/2023\/07\/16\/andreas-roedder-und-die-nazikeule\/#more-9895\">im Internet<\/a>.<\/p><\/blockquote>\n<p style=\"text-align: right;\">12\/23<\/p>\n","protected":false},"excerpt":{"rendered":"<p>&#8220;&#8230; R\u00f6dder jedoch glaubt, die Bezeichnung &#8216;umstritten&#8217; ehre jeden \u201eunabh\u00e4ngigen Kopf\u201c. Ein 68er-Irrtum. Denn jede demokratische Selbstvergewisserung beginnt mit der Festlegung von Grunds\u00e4tzen, die unumstritten sind, wie es in der amerikanischen Unabh\u00e4ngigkeitserkl\u00e4rung hei\u00dft: &#8216;We hold these truths to be self-evident &#8230;&#8217; Wer diese Wahrheiten \u2013 dass alle Menschen das gleiche Recht auf Leben, Freiheit und [&hellip;]<\/p>\n","protected":false},"author":1,"featured_media":0,"comment_status":"open","ping_status":"closed","sticky":false,"template":"","format":"standard","meta":[],"categories":[6,3],"tags":[],"_links":{"self":[{"href":"https:\/\/www.woydt.be\/blog\/index.php?rest_route=\/wp\/v2\/posts\/4085"}],"collection":[{"href":"https:\/\/www.woydt.be\/blog\/index.php?rest_route=\/wp\/v2\/posts"}],"about":[{"href":"https:\/\/www.woydt.be\/blog\/index.php?rest_route=\/wp\/v2\/types\/post"}],"author":[{"embeddable":true,"href":"https:\/\/www.woydt.be\/blog\/index.php?rest_route=\/wp\/v2\/users\/1"}],"replies":[{"embeddable":true,"href":"https:\/\/www.woydt.be\/blog\/index.php?rest_route=%2Fwp%2Fv2%2Fcomments&post=4085"}],"version-history":[{"count":3,"href":"https:\/\/www.woydt.be\/blog\/index.php?rest_route=\/wp\/v2\/posts\/4085\/revisions"}],"predecessor-version":[{"id":4111,"href":"https:\/\/www.woydt.be\/blog\/index.php?rest_route=\/wp\/v2\/posts\/4085\/revisions\/4111"}],"wp:attachment":[{"href":"https:\/\/www.woydt.be\/blog\/index.php?rest_route=%2Fwp%2Fv2%2Fmedia&parent=4085"}],"wp:term":[{"taxonomy":"category","embeddable":true,"href":"https:\/\/www.woydt.be\/blog\/index.php?rest_route=%2Fwp%2Fv2%2Fcategories&post=4085"},{"taxonomy":"post_tag","embeddable":true,"href":"https:\/\/www.woydt.be\/blog\/index.php?rest_route=%2Fwp%2Fv2%2Ftags&post=4085"}],"curies":[{"name":"wp","href":"https:\/\/api.w.org\/{rel}","templated":true}]}}