{"id":41,"date":"2007-10-07T00:57:32","date_gmt":"2007-10-06T22:57:32","guid":{"rendered":"http:\/\/www.woydt.be\/blog\/?p=41"},"modified":"2025-09-30T21:13:19","modified_gmt":"2025-09-30T20:13:19","slug":"antifaschismus","status":"publish","type":"post","link":"https:\/\/www.woydt.be\/blog\/?p=41","title":{"rendered":"Antifaschismus 1"},"content":{"rendered":"<p><img class=\"size-full wp-image-4098 alignnone\" src=\"https:\/\/www.woydt.be\/blog\/wp-content\/uploads\/2007\/10\/2b-AIZ-Hotspot-Phrasen.jpg\" alt=\"\" width=\"90%\" srcset=\"https:\/\/www.woydt.be\/blog\/wp-content\/uploads\/2007\/10\/2b-AIZ-Hotspot-Phrasen.jpg 1024w, https:\/\/www.woydt.be\/blog\/wp-content\/uploads\/2007\/10\/2b-AIZ-Hotspot-Phrasen-300x192.jpg 300w, https:\/\/www.woydt.be\/blog\/wp-content\/uploads\/2007\/10\/2b-AIZ-Hotspot-Phrasen-768x491.jpg 768w\" sizes=\"(max-width: 1024px) 100vw, 1024px\" \/><\/p>\n<p align=\"right\">(<a href=\"https:\/\/www.woydt.be\/blog\/?p=1406\">NL<\/a>; <a href=\"https:\/\/www.woydt.be\/blog\/?p=235\">FR<\/a>)<\/p>\n<p>&#8220;Unbestreitbar, ich war gegen Hitler &#8211; von Anfang an, unbedingt, ohne irgendwelche Vorbehalte <a href=\"https:\/\/www.woydt.be\/blog\/?p=169\">psychologisch<\/a>&#8211;<a href=\"https:\/\/www.woydt.be\/blog\/?p=81\">pazifistischer<\/a> oder diabolisch-paradoxer Art. &#8230; Das ist immerhin etwas, ein Argument, welches sich denn doch f\u00fcr meinen <a href=\"https:\/\/www.woydt.be\/blog\/?p=461\">moralischen<\/a> Instinkt und meine politische Urteilsf\u00e4higkeit ins Feld f\u00fchren l\u00e4\u00dft. Aber es ist nicht genug.<\/p>\n<p>Ja, vielleicht verh\u00e4lt es sich sogar so, da\u00df dieser v\u00f6llige Mangel an Kontakt mit der Nazi-Mentalit\u00e4t es mir zun\u00e4chst schwer oder unm\u00f6glich machte, eben diese Mentalit\u00e4t wirkungsvoll zu bek\u00e4mpfen. &#8230; Man bek\u00e4mpft nicht &#8211; oder doch nicht mit vollem Einsatz -, was man durchaus verachtet. Lohnt es sich, den offenbaren Unsinn und frechen Aberwitz logisch zu widerlegen? Man begn\u00fcgt sich mit einem angewiderten Achselzucken.<\/p>\n<p>Diese Nazis, ich verstand sie nicht. Ihre <a href=\"https:\/\/www.woydt.be\/blog\/?p=232\">Journale<\/a> &#8230; h\u00e4tten ebensogut in <a href=\"https:\/\/www.woydt.be\/blog\/?p=327\">chinesischer<\/a> <a href=\"https:\/\/www.woydt.be\/blog\/?p=194\">Sprache<\/a> erscheinen k\u00f6nnen: ich kapierte kein <a href=\"https:\/\/www.woydt.be\/blog\/?p=217\">Wort<\/a>. &#8230; vielleicht wurde in die <a href=\"https:\/\/www.woydt.be\/blog\/?p=506\">Mysterien<\/a> der Nazi-<a href=\"https:\/\/www.woydt.be\/blog\/?p=415\">Seele<\/a> und des Nazi-Jargons nur eingeweiht, wer die Vernunft in sich \u00fcberwunden, endg\u00fcltig auf sie verzichtet hatte? &#8230;<\/p>\n<p>Mir war beklommen zumute, aber nicht beklommen genug &#8211; eben weil ich nicht verstehen wollte, da\u00df die Mehrzahl meiner Mit<a href=\"https:\/\/www.woydt.be\/blog\/?p=565\">b\u00fcrger<\/a> &#8230; l\u00e4ngst &#8230; die <a href=\"https:\/\/www.woydt.be\/blog\/?p=238\">Vernunft<\/a> in sich ert\u00f6tet hatte. Dergleichen h\u00e4lt man m\u00f6glichst lang f\u00fcr ein Ding der Unm\u00f6glichkeit. &#8230; Mir wollte es nicht in den Kopf, da\u00df die Deutschen Hitlern allen Ernstes f\u00fcr einen gro\u00dfen Mann, ja f\u00fcr den Messias halten k\u00f6nnten.<\/p>\n<p>Der und gro\u00df? Man brauchte ihn doch nur anzusehen! &#8230; Ich hatte wiederholt die Gelegenheit, diese Physiognomie zu studieren. Einmal aus n\u00e4chster N\u00e4he, etwa eine halbe Stunde lang,\u00a0&#8230; 1932, [in der] Carlton-Teestube in M\u00fcnchen. Da sa\u00df er, &#8230; und lie\u00df sich sein Erdbeert\u00f6rtchen schmecken. Ich nahm am Nebentisch Platz, kaum einen Meter entfernt. Er verschmauste noch ein Erdbeert\u00f6rtchen mit Schlagrahm &#8230;; dann ein drittes \u2013 wenn es nicht schon das vierte war. Ich esse selbst recht gerne s\u00fc\u00dfes Zeug; aber der Anblick seiner halb infantilen, halb raubtierhaften Gefr\u00e4\u00dfigkeit verschlug mir den Appetit. &#8230;<\/p>\n<p>Diese <a href=\"https:\/\/www.woydt.be\/blog\/?p=61\">Deutschen<\/a>, ich verstand sie nicht. &#8230; Bei aller Bewunderung f\u00fcr die gro\u00dfen <a href=\"https:\/\/www.woydt.be\/blog\/?p=95\">Taten<\/a> des deutschen Geistes, bei aller Sympathie f\u00fcr gewisse Z\u00fcge und M\u00f6glichkeiten des deutschen Charakters: ich brachte keine <a href=\"https:\/\/www.woydt.be\/blog\/?p=124\">Begeisterung<\/a> auf f\u00fcr die <a href=\"https:\/\/www.woydt.be\/blog\/?p=147\">Nation<\/a>, wie sie sich nun einmal entwickelt hatte und allem Anschein nach weiter entwickeln w\u00fcrde. Ich f\u00fchlte mich der Nation nicht zugeh\u00f6rig. &#8230;<\/p>\n<p>Hatten die <a href=\"https:\/\/www.woydt.be\/blog\/?p=179\">Repr\u00e4sentanten<\/a> dieses <a href=\"https:\/\/www.woydt.be\/blog\/?p=148\">Nationalismus<\/a> &#8211; die Nazis und ihre <a href=\"https:\/\/www.woydt.be\/blog\/?p=324\">Freunde<\/a> &#8211; nicht recht, wenn sie Existenzen meiner Art &#8216;entwurzelt&#8217; nannten? Ich hatte keine Wurzeln, wollte keine haben &#8230;&#8221;<\/p>\n<blockquote><p>aus: Klaus Mann: Der Wendepunkt. o.O.: Fischer 1952 (englischsprachige Orig.-Ausg.1942), S.268-272.<\/p>\n<p>Abb.: John Heartfield: Mit seinen Phrasen will er die Welt vergasen, Arbeiter-Illustrierte Zeitung, 1933, <a href=\"https:\/\/www.johnheartfield.de\/kosmos-heartfield#238944\">im Internet<\/a>.<\/p><\/blockquote>\n","protected":false},"excerpt":{"rendered":"<p>(NL; FR) &#8220;Unbestreitbar, ich war gegen Hitler &#8211; von Anfang an, unbedingt, ohne irgendwelche Vorbehalte psychologisch&#8211;pazifistischer oder diabolisch-paradoxer Art. &#8230; Das ist immerhin etwas, ein Argument, welches sich denn doch f\u00fcr meinen moralischen Instinkt und meine politische Urteilsf\u00e4higkeit ins Feld f\u00fchren l\u00e4\u00dft. Aber es ist nicht genug. Ja, vielleicht verh\u00e4lt es sich sogar so, da\u00df [&hellip;]<\/p>\n","protected":false},"author":1,"featured_media":0,"comment_status":"closed","ping_status":"closed","sticky":false,"template":"","format":"standard","meta":[],"categories":[6,3],"tags":[],"_links":{"self":[{"href":"https:\/\/www.woydt.be\/blog\/index.php?rest_route=\/wp\/v2\/posts\/41"}],"collection":[{"href":"https:\/\/www.woydt.be\/blog\/index.php?rest_route=\/wp\/v2\/posts"}],"about":[{"href":"https:\/\/www.woydt.be\/blog\/index.php?rest_route=\/wp\/v2\/types\/post"}],"author":[{"embeddable":true,"href":"https:\/\/www.woydt.be\/blog\/index.php?rest_route=\/wp\/v2\/users\/1"}],"replies":[{"embeddable":true,"href":"https:\/\/www.woydt.be\/blog\/index.php?rest_route=%2Fwp%2Fv2%2Fcomments&post=41"}],"version-history":[{"count":8,"href":"https:\/\/www.woydt.be\/blog\/index.php?rest_route=\/wp\/v2\/posts\/41\/revisions"}],"predecessor-version":[{"id":5943,"href":"https:\/\/www.woydt.be\/blog\/index.php?rest_route=\/wp\/v2\/posts\/41\/revisions\/5943"}],"wp:attachment":[{"href":"https:\/\/www.woydt.be\/blog\/index.php?rest_route=%2Fwp%2Fv2%2Fmedia&parent=41"}],"wp:term":[{"taxonomy":"category","embeddable":true,"href":"https:\/\/www.woydt.be\/blog\/index.php?rest_route=%2Fwp%2Fv2%2Fcategories&post=41"},{"taxonomy":"post_tag","embeddable":true,"href":"https:\/\/www.woydt.be\/blog\/index.php?rest_route=%2Fwp%2Fv2%2Ftags&post=41"}],"curies":[{"name":"wp","href":"https:\/\/api.w.org\/{rel}","templated":true}]}}