{"id":423,"date":"2012-12-22T00:57:45","date_gmt":"2012-12-21T22:57:45","guid":{"rendered":"http:\/\/www.woydt.be\/blog\/?p=423"},"modified":"2024-12-09T14:00:05","modified_gmt":"2024-12-09T13:00:05","slug":"verhangnis","status":"publish","type":"post","link":"https:\/\/www.woydt.be\/blog\/?p=423","title":{"rendered":"Verh\u00e4ngnis"},"content":{"rendered":"<p><img class=\"size-full wp-image-5590 aligncenter\" src=\"https:\/\/www.woydt.be\/blog\/wp-content\/uploads\/2012\/12\/DSCF0404-scaled.jpg\" alt=\"\" width=\"90%\" srcset=\"https:\/\/www.woydt.be\/blog\/wp-content\/uploads\/2012\/12\/DSCF0404-scaled.jpg 2560w, https:\/\/www.woydt.be\/blog\/wp-content\/uploads\/2012\/12\/DSCF0404-300x225.jpg 300w, https:\/\/www.woydt.be\/blog\/wp-content\/uploads\/2012\/12\/DSCF0404-1024x768.jpg 1024w, https:\/\/www.woydt.be\/blog\/wp-content\/uploads\/2012\/12\/DSCF0404-768x576.jpg 768w, https:\/\/www.woydt.be\/blog\/wp-content\/uploads\/2012\/12\/DSCF0404-1536x1152.jpg 1536w, https:\/\/www.woydt.be\/blog\/wp-content\/uploads\/2012\/12\/DSCF0404-2048x1536.jpg 2048w\" sizes=\"(max-width: 2560px) 100vw, 2560px\" \/><\/p>\n<p>&#8220;Das biologistische und das historiosophische <a href=\"https:\/\/www.woydt.be\/blog\/?p=59\">Denken<\/a> dieser <a href=\"https:\/\/www.woydt.be\/blog\/?p=218\">Zeit<\/a> haben, so verschieden sie sich sahen, zusammengewirkt, um einen Glauben an das <a href=\"https:\/\/www.woydt.be\/blog\/?p=84\">Verh\u00e4ngnis<\/a> herzustellen, z\u00e4her und beklommener, als je einer bestand. &#8230; Es gilt als t\u00f6richt, sich eine <a href=\"https:\/\/www.woydt.be\/blog\/?p=237\">Freiheit<\/a> zu imaginieren; man habe nur die Wahl zwischen resolutem und aussichtslos rebellischem Sklaventum. &#8230;<\/p>\n<p>[Dabei ist] das einzige, was dem <a href=\"https:\/\/www.woydt.be\/blog\/?p=141\">Menschen<\/a> [wirklich] zum Verh\u00e4ngnis werden kann, &#8230; der Glaube an das Verh\u00e4ngnis [selbst]: er h\u00e4lt die Bewegung der Umkehr nieder.<\/p>\n<p>Der Glaube an das Verh\u00e4ngnis ist ein Irrglaube von Anbeginn &#8230; vom <a href=\"https:\/\/www.woydt.be\/blog\/?p=1115\">Glauben<\/a> an die Unfreiheit <a href=\"https:\/\/www.woydt.be\/blog\/?p=501\">frei<\/a> zu werden hei\u00dft <a href=\"https:\/\/www.woydt.be\/blog\/?p=1046\">frei<\/a> werden.&#8221;<\/p>\n<blockquote><p>aus: Martin Buber: Ich und Du. Heidelberg:\u00a0 Schneider 1958, S.52\/53<\/p>\n<p>Abb.: Kirchenfenster Saint-Di\u00e9.<\/p><\/blockquote>\n<p style=\"text-align: right;\">12\/12<\/p>\n","protected":false},"excerpt":{"rendered":"<p>&#8220;Das biologistische und das historiosophische Denken dieser Zeit haben, so verschieden sie sich sahen, zusammengewirkt, um einen Glauben an das Verh\u00e4ngnis herzustellen, z\u00e4her und beklommener, als je einer bestand. &#8230; Es gilt als t\u00f6richt, sich eine Freiheit zu imaginieren; man habe nur die Wahl zwischen resolutem und aussichtslos rebellischem Sklaventum. &#8230; [Dabei ist] das einzige, [&hellip;]<\/p>\n","protected":false},"author":1,"featured_media":0,"comment_status":"closed","ping_status":"closed","sticky":false,"template":"","format":"standard","meta":[],"categories":[6,3],"tags":[],"_links":{"self":[{"href":"https:\/\/www.woydt.be\/blog\/index.php?rest_route=\/wp\/v2\/posts\/423"}],"collection":[{"href":"https:\/\/www.woydt.be\/blog\/index.php?rest_route=\/wp\/v2\/posts"}],"about":[{"href":"https:\/\/www.woydt.be\/blog\/index.php?rest_route=\/wp\/v2\/types\/post"}],"author":[{"embeddable":true,"href":"https:\/\/www.woydt.be\/blog\/index.php?rest_route=\/wp\/v2\/users\/1"}],"replies":[{"embeddable":true,"href":"https:\/\/www.woydt.be\/blog\/index.php?rest_route=%2Fwp%2Fv2%2Fcomments&post=423"}],"version-history":[{"count":3,"href":"https:\/\/www.woydt.be\/blog\/index.php?rest_route=\/wp\/v2\/posts\/423\/revisions"}],"predecessor-version":[{"id":5591,"href":"https:\/\/www.woydt.be\/blog\/index.php?rest_route=\/wp\/v2\/posts\/423\/revisions\/5591"}],"wp:attachment":[{"href":"https:\/\/www.woydt.be\/blog\/index.php?rest_route=%2Fwp%2Fv2%2Fmedia&parent=423"}],"wp:term":[{"taxonomy":"category","embeddable":true,"href":"https:\/\/www.woydt.be\/blog\/index.php?rest_route=%2Fwp%2Fv2%2Fcategories&post=423"},{"taxonomy":"post_tag","embeddable":true,"href":"https:\/\/www.woydt.be\/blog\/index.php?rest_route=%2Fwp%2Fv2%2Ftags&post=423"}],"curies":[{"name":"wp","href":"https:\/\/api.w.org\/{rel}","templated":true}]}}