{"id":432,"date":"2013-06-25T23:58:01","date_gmt":"2013-06-25T21:58:01","guid":{"rendered":"http:\/\/www.woydt.be\/blog\/?p=432"},"modified":"2023-12-20T00:26:08","modified_gmt":"2023-12-19T23:26:08","slug":"paria","status":"publish","type":"post","link":"https:\/\/www.woydt.be\/blog\/?p=432","title":{"rendered":"Paria"},"content":{"rendered":"<p>&#8220;Die Leute haben recht, wenn sie mich <a href=\"https:\/\/www.woydt.be\/blog\/?p=475\">hassen<\/a>, ich glaube nicht an den Endsieg, w\u00fcnsche ihn nicht einmal, die Luftangriffe sind mir unangenehm, aber sie scheinen mir notwendig, weil sie unter Umst\u00e4nden den <a href=\"https:\/\/www.woydt.be\/blog\/?p=339\">Krieg<\/a> verk\u00fcrzen. Die Leute, die in der Schlange sehen mir an, da\u00df ich nicht an den F\u00fchrer glaube, auch da\u00df ich nicht schwer <a href=\"https:\/\/www.woydt.be\/blog\/?p=234\">arbeiten<\/a> kann, schon das lange Stehen macht mich krank. Sie sehen mir auch an, da\u00df ich keine Beziehungen habe, nichts zum Tausch anbieten kann, was noch verachtensw\u00fcrdiger als eine schlechte Gesinnung ist. Ich kann mich nicht vordr\u00e4ngen, nicht schimpfen, wenn andere sich vordr\u00e4ngen, dadurch mache ich mich am meisten verha\u00dft. Wie man da steht und weiter geht, einen halben Schritt in der Minute, und in den Tr\u00fcmmern bl\u00fchen die Buschwindr\u00f6schen, und man hat das Gef\u00fchl, da\u00df man von all diesen zornigen, entt\u00e4uschten, feindseligen <a href=\"https:\/\/www.woydt.be\/blog\/?p=141\">Menschen<\/a> auch erschlagen werden k\u00f6nnte.&#8221;<\/p>\n<blockquote><p>aus: Marie Luise Kaschnitz: Orte. Suhrkamp 1977, S.53<\/p><\/blockquote>\n<p style=\"text-align: right;\">06\/13<\/p>\n","protected":false},"excerpt":{"rendered":"<p>&#8220;Die Leute haben recht, wenn sie mich hassen, ich glaube nicht an den Endsieg, w\u00fcnsche ihn nicht einmal, die Luftangriffe sind mir unangenehm, aber sie scheinen mir notwendig, weil sie unter Umst\u00e4nden den Krieg verk\u00fcrzen. Die Leute, die in der Schlange sehen mir an, da\u00df ich nicht an den F\u00fchrer glaube, auch da\u00df ich nicht [&hellip;]<\/p>\n","protected":false},"author":1,"featured_media":0,"comment_status":"closed","ping_status":"closed","sticky":false,"template":"","format":"standard","meta":[],"categories":[6,3],"tags":[],"_links":{"self":[{"href":"https:\/\/www.woydt.be\/blog\/index.php?rest_route=\/wp\/v2\/posts\/432"}],"collection":[{"href":"https:\/\/www.woydt.be\/blog\/index.php?rest_route=\/wp\/v2\/posts"}],"about":[{"href":"https:\/\/www.woydt.be\/blog\/index.php?rest_route=\/wp\/v2\/types\/post"}],"author":[{"embeddable":true,"href":"https:\/\/www.woydt.be\/blog\/index.php?rest_route=\/wp\/v2\/users\/1"}],"replies":[{"embeddable":true,"href":"https:\/\/www.woydt.be\/blog\/index.php?rest_route=%2Fwp%2Fv2%2Fcomments&post=432"}],"version-history":[{"count":1,"href":"https:\/\/www.woydt.be\/blog\/index.php?rest_route=\/wp\/v2\/posts\/432\/revisions"}],"predecessor-version":[{"id":4282,"href":"https:\/\/www.woydt.be\/blog\/index.php?rest_route=\/wp\/v2\/posts\/432\/revisions\/4282"}],"wp:attachment":[{"href":"https:\/\/www.woydt.be\/blog\/index.php?rest_route=%2Fwp%2Fv2%2Fmedia&parent=432"}],"wp:term":[{"taxonomy":"category","embeddable":true,"href":"https:\/\/www.woydt.be\/blog\/index.php?rest_route=%2Fwp%2Fv2%2Fcategories&post=432"},{"taxonomy":"post_tag","embeddable":true,"href":"https:\/\/www.woydt.be\/blog\/index.php?rest_route=%2Fwp%2Fv2%2Ftags&post=432"}],"curies":[{"name":"wp","href":"https:\/\/api.w.org\/{rel}","templated":true}]}}