{"id":4547,"date":"2024-01-31T17:48:43","date_gmt":"2024-01-31T16:48:43","guid":{"rendered":"https:\/\/www.woydt.be\/blog\/?p=4547"},"modified":"2024-02-07T14:05:46","modified_gmt":"2024-02-07T13:05:46","slug":"post","status":"publish","type":"post","link":"https:\/\/www.woydt.be\/blog\/?p=4547","title":{"rendered":"Post-"},"content":{"rendered":"<p><img class=\"size-full wp-image-4560 aligncenter\" src=\"https:\/\/www.woydt.be\/blog\/wp-content\/uploads\/2024\/01\/postmoderne-B0161874.jpg\" alt=\"\" width=\"70%\" srcset=\"https:\/\/www.woydt.be\/blog\/wp-content\/uploads\/2024\/01\/postmoderne-B0161874.jpg 1334w, https:\/\/www.woydt.be\/blog\/wp-content\/uploads\/2024\/01\/postmoderne-B0161874-300x225.jpg 300w, https:\/\/www.woydt.be\/blog\/wp-content\/uploads\/2024\/01\/postmoderne-B0161874-1024x768.jpg 1024w, https:\/\/www.woydt.be\/blog\/wp-content\/uploads\/2024\/01\/postmoderne-B0161874-768x576.jpg 768w\" sizes=\"(max-width: 1334px) 100vw, 1334px\" \/><\/p>\n<p>&#8220;Das Besondere an dieser Figur der Verwendung des Pr\u00e4fixes &#8216;post&#8217; ist nicht, dass eine Gesellschaftsdeutung sich an ei\u00adner zeitlichen Stelle hinter etwas anderem lokalisiert, sondern dass sie nichts anderes tut. Thom\u00e4 verdeutlichte dies mit pointierten kontrafaktischen Beispielen: Karl <a href=\"https:\/\/www.woydt.be\/blog\/?p=132\">Marx<\/a> w\u00e4re es nicht in den Sinn gekommen, ein &#8216;post-<a href=\"https:\/\/www.woydt.be\/blog\/?p=33\">kapitalistisches<\/a> Manifest&#8217; zu schreiben, genauso wenig wie Friedrich Schlegel sein Gen\u00fcgen darin fand, \u201epost-<a href=\"https:\/\/www.woydt.be\/blog\/?p=2815\">klassisch<\/a>\u201c zu sein. &#8216;Post&#8217; ist jenes Zeitalter, das vom Bewusstsein seiner <a href=\"https:\/\/www.woydt.be\/blog\/?p=84\">Nachz\u00fcglerschaft<\/a> so sehr ergriffen ist, dass es die <a href=\"https:\/\/www.woydt.be\/blog\/?p=514\">Antwort<\/a> auf die &#8230; Frage &#8230; schuldig bleibt, was nach ihm selbst &#8230; kommen soll. Post-X zu sein hei\u00dft, sich in einem historischen Vakuum anzusiedeln. &#8230;<\/p>\n<p>Die Post-Diagnosen kennzeichnete ein Amalgam aus der \u00dcberheblichkeit, auf \u00dcberholtes zur\u00fcckzublicken, und der <a href=\"https:\/\/www.woydt.be\/blog\/?p=182\">Scham<\/a>, nichts Ebenb\u00fcrtiges an dessen Stelle setzen zu k\u00f6nnen.&#8221;<\/p>\n<blockquote><p>aus: Christoph Paret: Himmel, war das eine Menge Post!, Faz Online, 23.1.24, <a href=\"https:\/\/www.faz.net\/aktuell\/wissen\/geist-soziales\/rueckblick-auf-das-zeitalter-der-post-diagnosen-19467217.html?printPagedArticle=true#pageIndex_2\">im Internet<\/a>.<\/p>\n<p>Abb.: Austellungsansicht, Bundskunsthalle: Postmoderne, 2023\/2024, <a href=\"https:\/\/www.bundeskunsthalle.de\/postmoderne\">im Internet<\/a>.<\/p><\/blockquote>\n<p style=\"text-align: right;\">01\/24<\/p>\n","protected":false},"excerpt":{"rendered":"<p>&#8220;Das Besondere an dieser Figur der Verwendung des Pr\u00e4fixes &#8216;post&#8217; ist nicht, dass eine Gesellschaftsdeutung sich an ei\u00adner zeitlichen Stelle hinter etwas anderem lokalisiert, sondern dass sie nichts anderes tut. Thom\u00e4 verdeutlichte dies mit pointierten kontrafaktischen Beispielen: Karl Marx w\u00e4re es nicht in den Sinn gekommen, ein &#8216;post-kapitalistisches Manifest&#8217; zu schreiben, genauso wenig wie Friedrich [&hellip;]<\/p>\n","protected":false},"author":1,"featured_media":0,"comment_status":"open","ping_status":"closed","sticky":false,"template":"","format":"standard","meta":[],"categories":[6,3],"tags":[],"_links":{"self":[{"href":"https:\/\/www.woydt.be\/blog\/index.php?rest_route=\/wp\/v2\/posts\/4547"}],"collection":[{"href":"https:\/\/www.woydt.be\/blog\/index.php?rest_route=\/wp\/v2\/posts"}],"about":[{"href":"https:\/\/www.woydt.be\/blog\/index.php?rest_route=\/wp\/v2\/types\/post"}],"author":[{"embeddable":true,"href":"https:\/\/www.woydt.be\/blog\/index.php?rest_route=\/wp\/v2\/users\/1"}],"replies":[{"embeddable":true,"href":"https:\/\/www.woydt.be\/blog\/index.php?rest_route=%2Fwp%2Fv2%2Fcomments&post=4547"}],"version-history":[{"count":6,"href":"https:\/\/www.woydt.be\/blog\/index.php?rest_route=\/wp\/v2\/posts\/4547\/revisions"}],"predecessor-version":[{"id":4562,"href":"https:\/\/www.woydt.be\/blog\/index.php?rest_route=\/wp\/v2\/posts\/4547\/revisions\/4562"}],"wp:attachment":[{"href":"https:\/\/www.woydt.be\/blog\/index.php?rest_route=%2Fwp%2Fv2%2Fmedia&parent=4547"}],"wp:term":[{"taxonomy":"category","embeddable":true,"href":"https:\/\/www.woydt.be\/blog\/index.php?rest_route=%2Fwp%2Fv2%2Fcategories&post=4547"},{"taxonomy":"post_tag","embeddable":true,"href":"https:\/\/www.woydt.be\/blog\/index.php?rest_route=%2Fwp%2Fv2%2Ftags&post=4547"}],"curies":[{"name":"wp","href":"https:\/\/api.w.org\/{rel}","templated":true}]}}