{"id":4715,"date":"2024-03-24T16:14:45","date_gmt":"2024-03-24T15:14:45","guid":{"rendered":"https:\/\/www.woydt.be\/blog\/?p=4715"},"modified":"2024-03-26T00:08:53","modified_gmt":"2024-03-25T23:08:53","slug":"islamophobie","status":"publish","type":"post","link":"https:\/\/www.woydt.be\/blog\/?p=4715","title":{"rendered":"Islamophobie"},"content":{"rendered":"<p><img class=\"size-full wp-image-4720 aligncenter\" src=\"https:\/\/www.woydt.be\/blog\/wp-content\/uploads\/2024\/03\/58-we-can-do-it-too_by-tuffix-1600x2000-1.png\" alt=\"\" width=\"40%\" srcset=\"https:\/\/www.woydt.be\/blog\/wp-content\/uploads\/2024\/03\/58-we-can-do-it-too_by-tuffix-1600x2000-1.png 1600w, https:\/\/www.woydt.be\/blog\/wp-content\/uploads\/2024\/03\/58-we-can-do-it-too_by-tuffix-1600x2000-1-240x300.png 240w, https:\/\/www.woydt.be\/blog\/wp-content\/uploads\/2024\/03\/58-we-can-do-it-too_by-tuffix-1600x2000-1-819x1024.png 819w, https:\/\/www.woydt.be\/blog\/wp-content\/uploads\/2024\/03\/58-we-can-do-it-too_by-tuffix-1600x2000-1-768x960.png 768w, https:\/\/www.woydt.be\/blog\/wp-content\/uploads\/2024\/03\/58-we-can-do-it-too_by-tuffix-1600x2000-1-1229x1536.png 1229w\" sizes=\"(max-width: 1600px) 100vw, 1600px\" \/><\/p>\n<p>&#8220;La strat\u00e9gie de groupes <a href=\"https:\/\/www.woydt.be\/blog\/?p=640\">activistes<\/a> comme le CCIF [&#8216;Collectif contre l&#8217;islamophobie en <a href=\"https:\/\/www.woydt.be\/blog\/?p=1335\">France<\/a>&#8216;] ou les indig\u00e9nistes &#8230; consiste \u00e0 pratiquer un harc\u00e8lement judiciaire et \u00e0 installer m\u00e9diatiquement le concept d&#8217;islamophobie, en le pr\u00e9sentant comme un d\u00e9lit relevant du <a href=\"https:\/\/www.woydt.be\/blog\/?p=1705\">racisme<\/a>. &#8230; Ils cherchent \u00e0 coaliser les musulmans contre notre r\u00e9gime &#8230; pour &#8230; faire \u00e9merger une communaut\u00e9 homog\u00e8ne rassembl\u00e9e autour de ses leaders. C&#8217;est pourquoi ils ne sont jamais plus acharn\u00e9s que contre les personnes d&#8217;origine immigr\u00e9e qui refusent leur vision de l&#8217;<a href=\"https:\/\/www.woydt.be\/blog\/?p=538\">islam<\/a> et des arabo-musulmans. &#8230;<\/p>\n<p>Avec ce concept d&#8217;islamophobie, les leaders communautaires &#8230; s&#8217;\u00e9chinent \u00e0 faire croire aux musulmans que l&#8217;islam en lui-m\u00eame est vis\u00e9. &#8230; Le CCIF comptabilise chaque ann\u00e9e tous les actes qu&#8217;il juge islamophobes, singeant ainsi le r\u00f4le d&#8217;un observatoire en fournissant des rapports. Dans un de ses derniers, on aura eu la surprise de voir comptabilis\u00e9 comme acte islamophobe le vol de c\u00e2bles de cuivre sur le chantier de construction d&#8217;une mosqu\u00e9e, et l&#8217;expulsion d&#8217;un imam fanatique. &#8230;<\/p>\n<p>Le CCIF &#8230; pr\u00e9tend \u00eatre l&#8221;observatiore&#8217; d&#8217;une chose qu&#8217;il veut, en fait, imposer \u00e0 la fois dans le langage et dans le droit. Ses travaux &#8216;d\u00e9livrent bien de l&#8217;ext\u00e9rieur un savoir dans le m\u00eame temps qu&#8217;ils fabriquent de l&#8217;int\u00e9rieur une orthodoxie&#8217;. Le concept d&#8217;islamophobie permet de fixer et de naturaliser une pratique de l&#8217;islam. Si l&#8217;opposition au <a href=\"https:\/\/www.woydt.be\/blog\/?p=1916\">voile<\/a> est islamophobe, c&#8217;est parce que le voile est musulman, et qu&#8217;il n&#8217;y a pas de bonne pratique de l&#8217;islam sans port du voile. &#8230; L&#8217;islamophobie est donc un &#8216;formatage&#8217; de la communaut\u00e9 musulmane coalis\u00e9e autour d&#8217;une pratique qui, par sa radicalit\u00e9, s\u00e9dimente le lien avec ses leaders et ses pairs. &#8230;<\/p>\n<p>Rendre d\u00e9lictuel le rejet d&#8217;une religion, ou plut\u00f4t le rejet d&#8217;une pratique non classique d&#8217;une religion, c&#8217;est l&#8217;objectif du CCIF. Il s&#8217;agit pourtant d&#8217;une <a href=\"https:\/\/www.woydt.be\/blog\/?p=138\">opinion<\/a>. La loi existe d\u00e9j\u00e0 pour punir le <a href=\"https:\/\/www.woydt.be\/blog\/?p=438\">racisme<\/a>, les crimes de <a href=\"https:\/\/www.woydt.be\/blog\/?p=475\">haine<\/a>, les discriminations religieuses. Ce n&#8217;est pas assez pour les <a href=\"https:\/\/www.woydt.be\/blog\/?p=3202\">islamistes<\/a>. &#8230; [Leurs] proc\u00e9dures judiciaires &#8230; ont pour but de signaler le CCIF comme association &#8216;d&#8217;int\u00e9r\u00eat public&#8217; de lutte pour les droits civils, de lutte <a href=\"https:\/\/www.woydt.be\/blog\/?p=4486\">antiraciste<\/a>, ce qui revient \u00e0 ethniciser la religion musulmane et \u00e0 criminaliser toute <a href=\"https:\/\/www.woydt.be\/blog\/?p=311\">critique<\/a> de l&#8217;islam et de son application litt\u00e9rale. Et les victoires remport\u00e9es de pure forme renforcent la construction d&#8217;une perception d&#8217;impunit\u00e9 et favorisent l&#8217;autocensure. &#8230;<\/p>\n<p>Ce n&#8217;est plus le choix d&#8217;une pratique qui est sujette \u00e0 discrimination ou \u00e0 critique, c&#8217;est la personne faisant le choix de cette pratique qui se sent discrimin\u00e9e. L&#8217;islamophobie pr\u00e9sent\u00e9e comme un <a href=\"https:\/\/www.woydt.be\/blog\/?p=1368\">racisme<\/a> a pour but cette translation du &#8216;<a href=\"https:\/\/www.woydt.be\/blog\/?p=95\">faire<\/a>&#8216; vers &#8216;l&#8217;<a href=\"https:\/\/www.woydt.be\/blog\/?p=3171\">\u00eatre<\/a>&#8216;. &#8230; Ce lien entre ethnie et pratique religieuse, cette essentialisation, coalise la communaut\u00e9 autour de ses leaders.&#8221;<\/p>\n<blockquote><p>aus: Fatiha Agag-Boudjahlat: Le grand d\u00e9tournement. Paris: Cerf 2017, S.39-47, 125.<\/p>\n<p>Abb.: Tuffix: We can do it too, 2014, <a href=\"https:\/\/tuffix.net\/portfolio\/we-can-do-it-too\/\">im Internet<\/a>.<\/p><\/blockquote>\n<p style=\"text-align: right;\">03\/24<\/p>\n","protected":false},"excerpt":{"rendered":"<p>&#8220;La strat\u00e9gie de groupes activistes comme le CCIF [&#8216;Collectif contre l&#8217;islamophobie en France&#8216;] ou les indig\u00e9nistes &#8230; consiste \u00e0 pratiquer un harc\u00e8lement judiciaire et \u00e0 installer m\u00e9diatiquement le concept d&#8217;islamophobie, en le pr\u00e9sentant comme un d\u00e9lit relevant du racisme. &#8230; Ils cherchent \u00e0 coaliser les musulmans contre notre r\u00e9gime &#8230; pour &#8230; faire \u00e9merger une [&hellip;]<\/p>\n","protected":false},"author":1,"featured_media":0,"comment_status":"open","ping_status":"closed","sticky":false,"template":"","format":"standard","meta":[],"categories":[8,3],"tags":[],"_links":{"self":[{"href":"https:\/\/www.woydt.be\/blog\/index.php?rest_route=\/wp\/v2\/posts\/4715"}],"collection":[{"href":"https:\/\/www.woydt.be\/blog\/index.php?rest_route=\/wp\/v2\/posts"}],"about":[{"href":"https:\/\/www.woydt.be\/blog\/index.php?rest_route=\/wp\/v2\/types\/post"}],"author":[{"embeddable":true,"href":"https:\/\/www.woydt.be\/blog\/index.php?rest_route=\/wp\/v2\/users\/1"}],"replies":[{"embeddable":true,"href":"https:\/\/www.woydt.be\/blog\/index.php?rest_route=%2Fwp%2Fv2%2Fcomments&post=4715"}],"version-history":[{"count":5,"href":"https:\/\/www.woydt.be\/blog\/index.php?rest_route=\/wp\/v2\/posts\/4715\/revisions"}],"predecessor-version":[{"id":4721,"href":"https:\/\/www.woydt.be\/blog\/index.php?rest_route=\/wp\/v2\/posts\/4715\/revisions\/4721"}],"wp:attachment":[{"href":"https:\/\/www.woydt.be\/blog\/index.php?rest_route=%2Fwp%2Fv2%2Fmedia&parent=4715"}],"wp:term":[{"taxonomy":"category","embeddable":true,"href":"https:\/\/www.woydt.be\/blog\/index.php?rest_route=%2Fwp%2Fv2%2Fcategories&post=4715"},{"taxonomy":"post_tag","embeddable":true,"href":"https:\/\/www.woydt.be\/blog\/index.php?rest_route=%2Fwp%2Fv2%2Ftags&post=4715"}],"curies":[{"name":"wp","href":"https:\/\/api.w.org\/{rel}","templated":true}]}}