{"id":5314,"date":"2024-07-17T09:53:35","date_gmt":"2024-07-17T08:53:35","guid":{"rendered":"https:\/\/www.woydt.be\/blog\/?p=5314"},"modified":"2024-07-17T09:53:35","modified_gmt":"2024-07-17T08:53:35","slug":"bothsidismus","status":"publish","type":"post","link":"https:\/\/www.woydt.be\/blog\/?p=5314","title":{"rendered":"Bothsidismus"},"content":{"rendered":"<p>&#8220;<a href=\"https:\/\/www.woydt.be\/blog\/?p=3\">Konservativ<\/a>&#8211;<a href=\"https:\/\/www.woydt.be\/blog\/?p=457\">liberale<\/a> Kommentatoren &#8230; beklagen, dass &#8216;die Polarisierung&#8217; und &#8216;die Radikalisierung von beiden Seiten&#8217; schuld seien, und das Verh\u00e4ngnis der &#8216;politischen <a href=\"https:\/\/www.woydt.be\/blog\/?p=88\">Gewalt<\/a>&#8216;. Als h\u00e4tten sich in den letzten Jahren beide gro\u00dfen <a href=\"https:\/\/www.woydt.be\/blog\/?p=226\">Parteien<\/a> in den <a href=\"https:\/\/www.woydt.be\/blog\/?p=3081\">USA<\/a> radikalisiert.<\/p>\n<p>Als w\u00e4ren die schlimmen Finger, die das Klima vergiften, genauso schuldig wie jene, die vor der <a href=\"https:\/\/www.woydt.be\/blog\/?p=2977\">Klimavergiftung<\/a> der schlimmen Finger warnen.<\/p>\n<p>Als w\u00e4re das Problem der liberalen Gesellschaften, dass sich alle radikalisieren. Trump und Biden, H\u00f6cke und Scholz, Nepp und Ludwig, die Obamas und die rechten Waffennarren \u2013 alle furchtbar radikal. Merkt ihr selber, wie absurd dieser &#8216;Bothsidismus&#8217; ist, oder? Faschisten und Demokraten, traurig, wie polarisiert die sind. Das Gegenteil ist ja der Fall: W\u00e4hrend die Linksparteien immer &#8216;rechter&#8217; wurden (n\u00e4mlich immer un-radikaler), wurden die Rechtsparteien immer &#8216;<a href=\"https:\/\/www.woydt.be\/blog\/?p=227\">rechtsradikaler<\/a>&#8216;. &#8230;<\/p>\n<p>Als ein Attent\u00e4ter in das Haus von Nancy Pelosi eindrang, der damaligen Demokraten-Anf\u00fchrerin im Repr\u00e4sentantenhaus, und dort ihren Mann mit einem Hammer schwer verletzte, machte sich Trump noch \u00fcber die &#8216;crazy Nancy Pelosi&#8217; lustig und fragte unter dem Gel\u00e4chter seiner Anh\u00e4nger: &#8216;\u00dcbrigens, wie geht\u2019s eigentlich ihrem Mann?&#8217;<\/p>\n<p>Trump selbst stachelte seine Anh\u00e4nger immer wieder zu Gewalt an. &#8216;Wir versprechen euch, die <a href=\"https:\/\/www.woydt.be\/blog\/?p=29\">Kommunisten<\/a>, die <a href=\"https:\/\/www.woydt.be\/blog\/?p=132\">Marxisten<\/a>, die Faschisten und die linksradikalen Schurken auszurotten, die wie Ungeziefer in unserem Land leben und bei Wahlen l\u00fcgen, stehlen und betr\u00fcgen&#8217;, k\u00fcndigt er in seinen Wahlkampfreden an. &#8230;<\/p>\n<p>Die Gewalt, die jetzt einen der Ihren traf, ist buchst\u00e4blich eine &#8216;innere Angelegenheit&#8217; der extremen Rechten. W\u00e4re es nach den b\u00f6sen <a href=\"https:\/\/www.woydt.be\/blog\/?p=20\">Linken<\/a> gegangen, h\u00e4tte der Typ nie eine Waffe in der Hand gehabt. &#8230;&#8221;<\/p>\n<blockquote><p>aus: Robert Misik: Der Kult der Gewalt und die Heuchler, Zackzack.at, 17.7.24, <a href=\"https:\/\/zackzack.at\/2024\/07\/17\/der-kult-der-gewalt-und-die-heuchler\">im Internet<\/a>.<\/p><\/blockquote>\n<p style=\"text-align: right;\">07\/24<\/p>\n","protected":false},"excerpt":{"rendered":"<p>&#8220;Konservativ&#8211;liberale Kommentatoren &#8230; beklagen, dass &#8216;die Polarisierung&#8217; und &#8216;die Radikalisierung von beiden Seiten&#8217; schuld seien, und das Verh\u00e4ngnis der &#8216;politischen Gewalt&#8216;. Als h\u00e4tten sich in den letzten Jahren beide gro\u00dfen Parteien in den USA radikalisiert. Als w\u00e4ren die schlimmen Finger, die das Klima vergiften, genauso schuldig wie jene, die vor der Klimavergiftung der schlimmen Finger [&hellip;]<\/p>\n","protected":false},"author":1,"featured_media":0,"comment_status":"open","ping_status":"closed","sticky":false,"template":"","format":"standard","meta":[],"categories":[6,3],"tags":[],"_links":{"self":[{"href":"https:\/\/www.woydt.be\/blog\/index.php?rest_route=\/wp\/v2\/posts\/5314"}],"collection":[{"href":"https:\/\/www.woydt.be\/blog\/index.php?rest_route=\/wp\/v2\/posts"}],"about":[{"href":"https:\/\/www.woydt.be\/blog\/index.php?rest_route=\/wp\/v2\/types\/post"}],"author":[{"embeddable":true,"href":"https:\/\/www.woydt.be\/blog\/index.php?rest_route=\/wp\/v2\/users\/1"}],"replies":[{"embeddable":true,"href":"https:\/\/www.woydt.be\/blog\/index.php?rest_route=%2Fwp%2Fv2%2Fcomments&post=5314"}],"version-history":[{"count":1,"href":"https:\/\/www.woydt.be\/blog\/index.php?rest_route=\/wp\/v2\/posts\/5314\/revisions"}],"predecessor-version":[{"id":5315,"href":"https:\/\/www.woydt.be\/blog\/index.php?rest_route=\/wp\/v2\/posts\/5314\/revisions\/5315"}],"wp:attachment":[{"href":"https:\/\/www.woydt.be\/blog\/index.php?rest_route=%2Fwp%2Fv2%2Fmedia&parent=5314"}],"wp:term":[{"taxonomy":"category","embeddable":true,"href":"https:\/\/www.woydt.be\/blog\/index.php?rest_route=%2Fwp%2Fv2%2Fcategories&post=5314"},{"taxonomy":"post_tag","embeddable":true,"href":"https:\/\/www.woydt.be\/blog\/index.php?rest_route=%2Fwp%2Fv2%2Ftags&post=5314"}],"curies":[{"name":"wp","href":"https:\/\/api.w.org\/{rel}","templated":true}]}}