{"id":5316,"date":"2024-07-17T10:20:42","date_gmt":"2024-07-17T09:20:42","guid":{"rendered":"https:\/\/www.woydt.be\/blog\/?p=5316"},"modified":"2024-12-09T16:54:12","modified_gmt":"2024-12-09T15:54:12","slug":"dumm-dummer-am-dummsten","status":"publish","type":"post","link":"https:\/\/www.woydt.be\/blog\/?p=5316","title":{"rendered":"Dumm, d\u00fcmmer, am d\u00fcmmsten"},"content":{"rendered":"<p><img class=\"size-full wp-image-5602 aligncenter\" src=\"https:\/\/www.woydt.be\/blog\/wp-content\/uploads\/2024\/07\/DSCF1907-CROP-scaled.jpg\" alt=\"\" width=\"90%\" srcset=\"https:\/\/www.woydt.be\/blog\/wp-content\/uploads\/2024\/07\/DSCF1907-CROP-scaled.jpg 2560w, https:\/\/www.woydt.be\/blog\/wp-content\/uploads\/2024\/07\/DSCF1907-CROP-300x162.jpg 300w, https:\/\/www.woydt.be\/blog\/wp-content\/uploads\/2024\/07\/DSCF1907-CROP-1024x553.jpg 1024w, https:\/\/www.woydt.be\/blog\/wp-content\/uploads\/2024\/07\/DSCF1907-CROP-768x415.jpg 768w, https:\/\/www.woydt.be\/blog\/wp-content\/uploads\/2024\/07\/DSCF1907-CROP-1536x830.jpg 1536w, https:\/\/www.woydt.be\/blog\/wp-content\/uploads\/2024\/07\/DSCF1907-CROP-2048x1107.jpg 2048w\" sizes=\"(max-width: 2560px) 100vw, 2560px\" \/><\/p>\n<p>&#8220;Die extreme Rechte bedroht unsere <a href=\"https:\/\/www.woydt.be\/blog\/?p=58\">Demokratie<\/a>, unsere <a href=\"https:\/\/www.woydt.be\/blog\/?p=1046\">Freiheit<\/a> und unseren Wohlstand. Und dazu greift sie gezielt zu Desinformation, Hetze und <a href=\"https:\/\/www.woydt.be\/blog\/?p=1654\">Spaltung<\/a>. Die <a href=\"https:\/\/www.woydt.be\/blog\/?p=536\">AfD<\/a> und ihre ideologischen Verb\u00fcndeten wollen, dass wir die Regierung, die Medien, unsere Demokratie und alle demokratischen Parteien hassen \u2013 damit sie sich als einzige Heilsbringerin inszenieren kann. Doch sie hat dabei ein Problem.<\/p>\n<p>Das, was sie in ihrer Propaganda behauptet, stimmt gr\u00f6\u00dftenteils nicht. Deswegen m\u00fcssen AfD &amp; Co. halt pausenlos l\u00fcgen. Wenn zum Beispiel Wirtschaftsminister Habeck richtige und besonnene Dinge sagt, k\u00f6nnte es den potenziellen Opfern der AfD schwerfallen, Hassgef\u00fchle zu empfinden. Deshalb m\u00fcssen Rechtsextreme ihren Feinden eben selbst Dinge in den Mund legen, um ihren blinden <a href=\"https:\/\/www.woydt.be\/blog\/?p=4512\">Hass<\/a> zu rechtfertigen. &#8230;<\/p>\n<p>Die Zirkellogik dahinter: Man findet den Politiker schlecht, h\u00e4lt ihn deshalb f\u00fcr &#8216;dumm&#8217;, und deshalb glaubt man, er sagt dumme Dinge, und deshalb ist es okay, ihm dumme Dinge in den Mund zu legen, was andere davon \u00fcberzeugt, dass der Politiker dumme Dinge sagt. Dass das Meiste, was man gelesen hat, gelogen war, bekommt in diesen Kreisen kaum noch jemand mit. &#8230;<\/p>\n<p>Die meisten Fake-Bilder greifen wir gar nicht mehr auf, weil sie so absolut sinnlos sind. Es sind frei erfundene L\u00fcgen, sie zu behandeln w\u00fcrde sie nur noch bekannter machen. In der letzten Woche machte &#8230; [ein] mehrfach schlecht bearbeitete Bild in den rechten Gruppen die Runde [, dessen Witz sein sollte,] dass Wirtschaftsminister Habeck denken sollte, die Niederlande und Holland seien zwei verschiedene Mannschaften und er soll sich angeblich das als Traum-Final-Paarung gew\u00fcnscht haben. &#8230;<\/p>\n<p>Solche Memes sind eine intellektuelle Bankrotterkl\u00e4rung. Wenn es angeblich so viele echte, negative Aussagen eines Habecks gibt \u2013 warum lacht man nicht \u00fcber diese, sondern \u00fcber v\u00f6llig frei erfundene Dinge? Was hat das mit der Politik der Gr\u00fcnen zu tun? Mit Politik allgemein? Das ist v\u00f6lliges Kindergarten-Niveau. &#8216;Ihr seid doof!&#8217;, aber als Politik.<\/p>\n<p>Warum ich dieses d\u00e4mliche Hass-Bildchen aber dieses Mal thematisiere, hat einen anderen Grund. Ich habe es gesehen und ignoriert, wie rechte Hetz-Bildchen und Pseudo-Witze st\u00e4ndig. Aber kurz darauf ist mir &#8230; ins Auge gesprungen: &#8230; exakt das gleiche Bild, aber AfD-Chef Chrupalla wurde \u00fcber Habeck geklebt. Man sieht rechts von Chrupalla noch etwas das Bild von Habeck, das \u00fcberdeckt wurde. &#8230; Es wurde genauso kommentarlos als &#8216;Witz&#8217; geteilt, wie das Meme \u00fcber Habeck zuvor. &#8230;<\/p>\n<p>Wir stehen f\u00fcr <a href=\"https:\/\/www.woydt.be\/blog\/?p=479\">Fakten<\/a>, <a href=\"https:\/\/www.woydt.be\/blog\/?p=57\">Demokratie<\/a>, Fairness und Zusammenhalt. Deshalb m\u00fcssen wir die AfD und ihre Methoden laut und deutlich kritisieren. Aber ein &#8216;Ihr seid alle immer einmal d\u00fcmmer als wie wir!&#8217; ist Kindergarten. Und letztendlich auch kontraproduktiv. Das Einzige, was wirklich &#8216;dumm&#8217; ist, ist, sich auf so ein Niveau herabzubegeben.&#8221;<\/p>\n<blockquote><p>aus: Thomas Laschyk: Ihr seid alle immer einmal d\u00fcmmer als wie wir! Volksverpetzer 16.7.24, <a href=\"https:\/\/www.volksverpetzer.de\/aktuelles\/afd-immer-einmal-duemmer\">im Internet<\/a>.<\/p>\n<p>Abb.: Motzlar in Th\u00fcringen, August 2024&#8230;<\/p><\/blockquote>\n<p style=\"text-align: right;\">07\/24<\/p>\n","protected":false},"excerpt":{"rendered":"<p>&#8220;Die extreme Rechte bedroht unsere Demokratie, unsere Freiheit und unseren Wohlstand. Und dazu greift sie gezielt zu Desinformation, Hetze und Spaltung. Die AfD und ihre ideologischen Verb\u00fcndeten wollen, dass wir die Regierung, die Medien, unsere Demokratie und alle demokratischen Parteien hassen \u2013 damit sie sich als einzige Heilsbringerin inszenieren kann. Doch sie hat dabei ein [&hellip;]<\/p>\n","protected":false},"author":1,"featured_media":0,"comment_status":"open","ping_status":"closed","sticky":false,"template":"","format":"standard","meta":[],"categories":[6,3],"tags":[],"_links":{"self":[{"href":"https:\/\/www.woydt.be\/blog\/index.php?rest_route=\/wp\/v2\/posts\/5316"}],"collection":[{"href":"https:\/\/www.woydt.be\/blog\/index.php?rest_route=\/wp\/v2\/posts"}],"about":[{"href":"https:\/\/www.woydt.be\/blog\/index.php?rest_route=\/wp\/v2\/types\/post"}],"author":[{"embeddable":true,"href":"https:\/\/www.woydt.be\/blog\/index.php?rest_route=\/wp\/v2\/users\/1"}],"replies":[{"embeddable":true,"href":"https:\/\/www.woydt.be\/blog\/index.php?rest_route=%2Fwp%2Fv2%2Fcomments&post=5316"}],"version-history":[{"count":4,"href":"https:\/\/www.woydt.be\/blog\/index.php?rest_route=\/wp\/v2\/posts\/5316\/revisions"}],"predecessor-version":[{"id":5604,"href":"https:\/\/www.woydt.be\/blog\/index.php?rest_route=\/wp\/v2\/posts\/5316\/revisions\/5604"}],"wp:attachment":[{"href":"https:\/\/www.woydt.be\/blog\/index.php?rest_route=%2Fwp%2Fv2%2Fmedia&parent=5316"}],"wp:term":[{"taxonomy":"category","embeddable":true,"href":"https:\/\/www.woydt.be\/blog\/index.php?rest_route=%2Fwp%2Fv2%2Fcategories&post=5316"},{"taxonomy":"post_tag","embeddable":true,"href":"https:\/\/www.woydt.be\/blog\/index.php?rest_route=%2Fwp%2Fv2%2Ftags&post=5316"}],"curies":[{"name":"wp","href":"https:\/\/api.w.org\/{rel}","templated":true}]}}