{"id":560,"date":"2016-07-04T21:22:43","date_gmt":"2016-07-04T19:22:43","guid":{"rendered":"http:\/\/www.woydt.be\/blog\/?p=560"},"modified":"2023-08-29T14:44:40","modified_gmt":"2023-08-29T12:44:40","slug":"nuit-debout","status":"publish","type":"post","link":"https:\/\/www.woydt.be\/blog\/?p=560","title":{"rendered":"Nuit debout"},"content":{"rendered":"<p>&#8220;&#8230; Bref : qui peut se repr\u00e9senter ses int\u00e9r\u00eats particuliers comme les int\u00e9r\u00eats du &#8216;<a href=\"https:\/\/www.woydt.be\/blog\/?p=31\">&#8216;peuple&#8217;<\/a> ? Ce sont \u00e9videmment ceux que l\u2019on retrouve sur les places : les <a href=\"https:\/\/www.woydt.be\/blog\/?p=104\">individus<\/a> de la petite bourgeoisie blanche <a href=\"https:\/\/www.woydt.be\/blog\/?p=329\">urbaine<\/a> appartenant souvent \u00e0 la fonction publique ou aux milieux culturels et \u00e9tudiants. Ces individus, tr\u00e8s situ\u00e9s dans le monde social, incarnent la norme abstraite sur laquelle la <a href=\"https:\/\/www.woydt.be\/blog\/?p=565\">citoyennet\u00e9<\/a> r\u00e9publicaine est construite. Ils sont donc pr\u00e9dispos\u00e9s \u00e0 se voir comme exprimant\u00a0 &#8216;la&#8217; citoyennet\u00e9 et\u00a0 &#8216;la&#8217; r\u00e9publique. Lorsqu\u2019ils font quelque chose, c\u2019est pour eux &#8216;le peuple&#8217; qui fait quelque chose. Lorsqu\u2019ils se rassemblent, ce n\u2019est pas un groupe sp\u00e9cifique qui se rassemble : c\u2019est le &#8216;commun&#8217; qui \u00e9merge\u2026 C&#8217;est ce qui explique pourquoi le mouvement s\u2019est fond\u00e9 sur l\u2019id\u00e9e irresponsable selon laquelle il ne fallait rien revendiquer ou que revendiquer c\u2019\u00e9tait se soumettre. On pourrait presque se risquer \u00e0 dire que font partie de ce mouvement des gens qui n&#8217;ont rien \u00e0 revendiquer parce qu\u2019ils ne manquent de rien, et qui n&#8217;ont donc rien \u00e0 demander si ce n\u2019est &#8216;la fin du <a href=\"https:\/\/www.woydt.be\/blog\/?p=28\">syst\u00e8me<\/a>&#8216;.<\/p>\n<p>Une <a href=\"https:\/\/www.woydt.be\/blog\/?p=164\">sc\u00e8ne politique<\/a> organis\u00e9e autour des cat\u00e9gories de &#8216;commun&#8217;, de &#8216;R\u00e9publique sociale&#8217;, de &#8216;<a href=\"https:\/\/www.woydt.be\/blog\/?p=2701\">souverainet\u00e9<\/a> populaire&#8217; ne peut pas ne pas produire l\u2019exclusion de celles et ceux qui ne peuvent \u00e0 l\u2019inverse que se penser comme membre d\u2019un groupe particulier : les <a href=\"https:\/\/www.woydt.be\/blog\/?p=409\">ouvriers<\/a>, les ch\u00f4meurs, les paysans, les pr\u00e9caires, les <a href=\"https:\/\/www.woydt.be\/blog\/?p=1697\">noirs<\/a>, les arabes, les <a href=\"https:\/\/www.woydt.be\/blog\/?p=538\">musulmans<\/a>, les <a href=\"https:\/\/www.woydt.be\/blog\/?p=108\">juifs<\/a>, les gays et lesbiennes, les prisonniers, les sans-papiers, etc. Car lorsqu\u2019ils se mobilisent, ces individus qui vivent ces exp\u00e9riences d\u2019oppression veulent affirmer un int\u00e9r\u00eat particulier, revendiquer quelque chose, dire que quelque chose ne va pas. Ils ne veulent pas cr\u00e9er du commun mais fracturer le monde. &#8230;<\/p>\n<p>D\u2019o\u00f9 les sc\u00e8nes d\u2019incompr\u00e9hension que l\u2019on a observ\u00e9 entre la Nuit debout et les quartiers nord de Marseille, ou entre nuit debout et les syndicats. &#8230;&#8221;<\/p>\n<blockquote><p>aus: Geoffroy de Lagasnerie: D&#8217;<a href=\"https:\/\/www.woydt.be\/blog\/?p=462\">Occupy<\/a> \u00e0 Nuit Debout : l&#8217;inconscient politique du mouvement des places. Le Monde 28.4.16 und <a href=\"https:\/\/geoffroydelagasnerie.com\/2016\/04\/05\/doccupy-a-nuit-debout-linconscient-politique-du-mouvement-des-places\/\">auf dem Blog des Autors<\/a>.<\/p><\/blockquote>\n<p style=\"text-align: right;\">07\/16<\/p>\n","protected":false},"excerpt":{"rendered":"<p>&#8220;&#8230; Bref : qui peut se repr\u00e9senter ses int\u00e9r\u00eats particuliers comme les int\u00e9r\u00eats du &#8216;&#8216;peuple&#8217; ? Ce sont \u00e9videmment ceux que l\u2019on retrouve sur les places : les individus de la petite bourgeoisie blanche urbaine appartenant souvent \u00e0 la fonction publique ou aux milieux culturels et \u00e9tudiants. Ces individus, tr\u00e8s situ\u00e9s dans le monde social, [&hellip;]<\/p>\n","protected":false},"author":1,"featured_media":0,"comment_status":"closed","ping_status":"closed","sticky":false,"template":"","format":"standard","meta":[],"categories":[8,3],"tags":[],"_links":{"self":[{"href":"https:\/\/www.woydt.be\/blog\/index.php?rest_route=\/wp\/v2\/posts\/560"}],"collection":[{"href":"https:\/\/www.woydt.be\/blog\/index.php?rest_route=\/wp\/v2\/posts"}],"about":[{"href":"https:\/\/www.woydt.be\/blog\/index.php?rest_route=\/wp\/v2\/types\/post"}],"author":[{"embeddable":true,"href":"https:\/\/www.woydt.be\/blog\/index.php?rest_route=\/wp\/v2\/users\/1"}],"replies":[{"embeddable":true,"href":"https:\/\/www.woydt.be\/blog\/index.php?rest_route=%2Fwp%2Fv2%2Fcomments&post=560"}],"version-history":[{"count":4,"href":"https:\/\/www.woydt.be\/blog\/index.php?rest_route=\/wp\/v2\/posts\/560\/revisions"}],"predecessor-version":[{"id":3963,"href":"https:\/\/www.woydt.be\/blog\/index.php?rest_route=\/wp\/v2\/posts\/560\/revisions\/3963"}],"wp:attachment":[{"href":"https:\/\/www.woydt.be\/blog\/index.php?rest_route=%2Fwp%2Fv2%2Fmedia&parent=560"}],"wp:term":[{"taxonomy":"category","embeddable":true,"href":"https:\/\/www.woydt.be\/blog\/index.php?rest_route=%2Fwp%2Fv2%2Fcategories&post=560"},{"taxonomy":"post_tag","embeddable":true,"href":"https:\/\/www.woydt.be\/blog\/index.php?rest_route=%2Fwp%2Fv2%2Ftags&post=560"}],"curies":[{"name":"wp","href":"https:\/\/api.w.org\/{rel}","templated":true}]}}