{"id":5656,"date":"2024-12-31T11:17:32","date_gmt":"2024-12-31T10:17:32","guid":{"rendered":"https:\/\/www.woydt.be\/blog\/?p=5656"},"modified":"2025-12-08T15:44:43","modified_gmt":"2025-12-08T14:44:43","slug":"kriegslogik","status":"publish","type":"post","link":"https:\/\/www.woydt.be\/blog\/?p=5656","title":{"rendered":"Kriegslogik"},"content":{"rendered":"<p><img class=\"size-full wp-image-5994 aligncenter\" src=\"https:\/\/www.woydt.be\/blog\/wp-content\/uploads\/2024\/12\/Thetriumphofdeath-scaled.jpg\" alt=\"\" width=\"80%\" srcset=\"https:\/\/www.woydt.be\/blog\/wp-content\/uploads\/2024\/12\/Thetriumphofdeath-scaled.jpg 2560w, https:\/\/www.woydt.be\/blog\/wp-content\/uploads\/2024\/12\/Thetriumphofdeath-300x213.jpg 300w, https:\/\/www.woydt.be\/blog\/wp-content\/uploads\/2024\/12\/Thetriumphofdeath-1024x728.jpg 1024w, https:\/\/www.woydt.be\/blog\/wp-content\/uploads\/2024\/12\/Thetriumphofdeath-768x546.jpg 768w, https:\/\/www.woydt.be\/blog\/wp-content\/uploads\/2024\/12\/Thetriumphofdeath-1536x1092.jpg 1536w, https:\/\/www.woydt.be\/blog\/wp-content\/uploads\/2024\/12\/Thetriumphofdeath-2048x1456.jpg 2048w\" sizes=\"(max-width: 2560px) 100vw, 2560px\" \/><\/p>\n<p>&#8220;&#8230; Der zweite Grund, weshalb der Drei\u00dfigj\u00e4hrige <a href=\"https:\/\/www.woydt.be\/blog\/?p=339\">Krieg<\/a> gerade aus politiktheoretischer Perspektive interessant ist, besteht in dem gravierenden Defizit an strategischem <a href=\"https:\/\/www.woydt.be\/blog\/?p=502\">Denken<\/a> in der politisch interessierten <a href=\"https:\/\/www.woydt.be\/blog\/?p=3737\">deutschen<\/a> <a href=\"https:\/\/www.woydt.be\/blog\/?p=449\">\u00d6ffentlichkeit<\/a>. Stark vereinfacht kann man vielleicht sagen, dass die vorherrschende Reaktion auf politikstrategische Herausforderungen hierzulande der Verweis auf juridische Regelungen ist, meist solche des <a href=\"https:\/\/www.woydt.be\/blog\/?p=211\">V\u00f6lkerrechts<\/a>, wobei generell unterstellt wird, dass die Rahmenbedingungen nicht nur f\u00fcr die Geltung, sondern auch f\u00fcr das Geltendmachen des <a href=\"https:\/\/www.woydt.be\/blog\/?p=172\">Rechts<\/a> selbstverst\u00e4ndlich gegeben seien und die Rechtsdurchsetzung mit der Bew\u00e4ltigung der <a href=\"https:\/\/www.woydt.be\/blog\/?p=99\">Herausforderung<\/a> identisch sei. Die Auseinandersetzung mit dem Drei\u00dfigj\u00e4hrigen Krieg ist eine vorz\u00fcgliche \u00dcbung zur Desillusionierung solcher Erwartungen. In der Anfangsphase des <a href=\"https:\/\/www.woydt.be\/blog\/?p=117\">Krieges<\/a> n\u00e4mlich sind alle Parteien in der festen <a href=\"https:\/\/www.woydt.be\/blog\/?p=399\">\u00dcberzeugung<\/a> in den Konflikt hineingegangen, <a href=\"https:\/\/www.woydt.be\/blog\/?p=171\">das Recht auf ihrer Seite zu haben<\/a> &#8230;<\/p>\n<p>Neben dem Reaktionsmodell des Rechtlichen steht hierzulande das des <a href=\"https:\/\/www.woydt.be\/blog\/?p=461\">Moralischen<\/a>. Die Er\u00f6rterung politischer Herausforderungen im Horizont moralischer Normen und Imperative ist vielfach an die Stelle strategischen Denkens getreten. &#8230; \u00dcber die verh\u00e4ngnisvollen Folgen unbedingter Wertebindung l\u00e4sst sich anhand des Drei\u00dfigj\u00e4hrigen <a href=\"https:\/\/www.woydt.be\/blog\/?p=325\">Krieges<\/a> sehr viel lernen &#8211; unter anderem auch, dass es ohne eine Abkehr davon zu keinem Friedensschluss gekommen w\u00e4re. Die auf ihren <a href=\"https:\/\/www.woydt.be\/blog\/?p=553\">Werten<\/a> insistierende R\u00f6mische Kurie hat deswegen dem auf Kompromissen beruhenden Friedensschluss von 1648 nicht zugestimmt, sondern ihn verurteilt. &#8230;<\/p>\n<p>Aber strategisches Denken l\u00e4sst sich nicht dekretieren, sondern will ge\u00fcbt sein. Ein Krieg, der sich \u00fcber einen Zeitraum von drei\u00dfig Jahren erstreckt hat, ist ein vorz\u00fcglicher \u00dcbungsplatz f\u00fcr strategisches Denken.&#8221;<\/p>\n<blockquote><p>aus: Herfried M\u00fcnkler: Der Drei\u00dfigj\u00e4hrige Krieg, Einleitung, Reinbek:; Rowohlt 2019 (2017), S.37-39.<\/p>\n<p>Abb.: Peter Breughel der \u00c4ltere: Triumph des Todes, ca. 1562, Prado Madrid, <a href=\"https:\/\/commons.wikimedia.org\/wiki\/File:Thetriumphofdeath.jpg\">im Internet<\/a>.<\/p><\/blockquote>\n<p style=\"text-align: right;\">12\/24<\/p>\n","protected":false},"excerpt":{"rendered":"<p>&#8220;&#8230; Der zweite Grund, weshalb der Drei\u00dfigj\u00e4hrige Krieg gerade aus politiktheoretischer Perspektive interessant ist, besteht in dem gravierenden Defizit an strategischem Denken in der politisch interessierten deutschen \u00d6ffentlichkeit. Stark vereinfacht kann man vielleicht sagen, dass die vorherrschende Reaktion auf politikstrategische Herausforderungen hierzulande der Verweis auf juridische Regelungen ist, meist solche des V\u00f6lkerrechts, wobei generell unterstellt [&hellip;]<\/p>\n","protected":false},"author":1,"featured_media":0,"comment_status":"open","ping_status":"closed","sticky":false,"template":"","format":"standard","meta":[],"categories":[6,3],"tags":[],"_links":{"self":[{"href":"https:\/\/www.woydt.be\/blog\/index.php?rest_route=\/wp\/v2\/posts\/5656"}],"collection":[{"href":"https:\/\/www.woydt.be\/blog\/index.php?rest_route=\/wp\/v2\/posts"}],"about":[{"href":"https:\/\/www.woydt.be\/blog\/index.php?rest_route=\/wp\/v2\/types\/post"}],"author":[{"embeddable":true,"href":"https:\/\/www.woydt.be\/blog\/index.php?rest_route=\/wp\/v2\/users\/1"}],"replies":[{"embeddable":true,"href":"https:\/\/www.woydt.be\/blog\/index.php?rest_route=%2Fwp%2Fv2%2Fcomments&post=5656"}],"version-history":[{"count":5,"href":"https:\/\/www.woydt.be\/blog\/index.php?rest_route=\/wp\/v2\/posts\/5656\/revisions"}],"predecessor-version":[{"id":5996,"href":"https:\/\/www.woydt.be\/blog\/index.php?rest_route=\/wp\/v2\/posts\/5656\/revisions\/5996"}],"wp:attachment":[{"href":"https:\/\/www.woydt.be\/blog\/index.php?rest_route=%2Fwp%2Fv2%2Fmedia&parent=5656"}],"wp:term":[{"taxonomy":"category","embeddable":true,"href":"https:\/\/www.woydt.be\/blog\/index.php?rest_route=%2Fwp%2Fv2%2Fcategories&post=5656"},{"taxonomy":"post_tag","embeddable":true,"href":"https:\/\/www.woydt.be\/blog\/index.php?rest_route=%2Fwp%2Fv2%2Ftags&post=5656"}],"curies":[{"name":"wp","href":"https:\/\/api.w.org\/{rel}","templated":true}]}}