{"id":787,"date":"2017-05-14T23:22:54","date_gmt":"2017-05-14T21:22:54","guid":{"rendered":"http:\/\/www.woydt.be\/blog\/?p=787"},"modified":"2024-08-15T14:09:25","modified_gmt":"2024-08-15T13:09:25","slug":"verwaltungsmassenmord","status":"publish","type":"post","link":"https:\/\/www.woydt.be\/blog\/?p=787","title":{"rendered":"Verwaltungsmassenmord"},"content":{"rendered":"<p><img class=\"size-full wp-image-5395 aligncenter\" src=\"https:\/\/www.woydt.be\/blog\/wp-content\/uploads\/2017\/05\/joane-cardinal-schubert-one-little-two-little-three-little-1987-canadian-museum-of-civilization.png\" alt=\"\" width=\"90%\" srcset=\"https:\/\/www.woydt.be\/blog\/wp-content\/uploads\/2017\/05\/joane-cardinal-schubert-one-little-two-little-three-little-1987-canadian-museum-of-civilization.png 1158w, https:\/\/www.woydt.be\/blog\/wp-content\/uploads\/2017\/05\/joane-cardinal-schubert-one-little-two-little-three-little-1987-canadian-museum-of-civilization-300x246.png 300w, https:\/\/www.woydt.be\/blog\/wp-content\/uploads\/2017\/05\/joane-cardinal-schubert-one-little-two-little-three-little-1987-canadian-museum-of-civilization-1024x838.png 1024w, https:\/\/www.woydt.be\/blog\/wp-content\/uploads\/2017\/05\/joane-cardinal-schubert-one-little-two-little-three-little-1987-canadian-museum-of-civilization-768x629.png 768w\" sizes=\"(max-width: 1158px) 100vw, 1158px\" \/><\/p>\n<p>&#8220;Zwar ist sich alle Welt nachgerade dar\u00fcber einig, da\u00df das, was in <a href=\"https:\/\/www.woydt.be\/blog\/?p=760\">Auschwitz<\/a> geschah, beispiellos ist; aber die Kategorien, mit denen dies Beispiellose nun politisch und juristisch erfa\u00dfbar ist, sind immer noch g\u00e4nzlich ungekl\u00e4rt. Denn der hierf\u00fcr neuerdings eingef\u00fchrte Begriff des V\u00f6lkermords (Genocide) ist zwar in gewissem Sinne zutreffend, aber nicht ausreichend, schon weil V\u00f6lkermorde nicht beispiellos sind &#8211; sie waren in der Antike an der Tagesordnung, und die Jahrhunderte der <a href=\"https:\/\/www.woydt.be\/blog\/?p=741\">Kolonisation<\/a> und des <a href=\"https:\/\/www.woydt.be\/blog\/?p=818\">Imperialismus<\/a> kennen mehr oder minder gegl\u00fcckte Versuche in dieser Richtung zur Gen\u00fcge. Der aus dem englischen Imperialismus stammende Ausdruck &#8216;Verwaltungsmassenmord&#8217; (administrative massacre), den die Engl\u00e4nder bewu\u00dft ablehnten als ein Mittel, die Herrschaft \u00fcber Indien aufrechtzuerhalten, d\u00fcrfte der Sache erheblich angemessener sein &#8230;<\/p>\n<p>Wir h\u00f6rten die Beteuerungen der Verteidigung, Eichmann sei doch nur ein &#8216;winziges R\u00e4dchen&#8217; im Getriebe der Endl\u00f6sung gewesen &#8230;<\/p>\n<p>&#8230; die ganze Rad-Theorie [ist] juristisch belanglos, und &#8230; daher [ist es] ganz gleichg\u00fcltig &#8230;, in welcher Gr\u00f6\u00dfenordnung man das &#8216;R\u00e4dchen&#8217; Eichmann unterbringen wollte. Das Gericht gab in seiner Urteilsfindung nat\u00fcrlich zu, da\u00df ein solches Verbrechen nur von einer Riesenb\u00fcrokratie mit staatlichen Mitteln ausgef\u00fchrt werden kann; sofern es aber ein Verbrechen bleibt &#8211; und dies ist ja die Voraussetzung f\u00fcr die Gerichtsverhandlung -, werden alle R\u00e4der und R\u00e4dchen im Getriebe vor Gericht automatisch wieder in T\u00e4ter, also in <a href=\"https:\/\/www.woydt.be\/blog\/?p=755\">Menschen<\/a> zur\u00fcckverwandelt.&#8221;<\/p>\n<blockquote><p>aus: Hannah Arendt: Eichmann in Jerusalem, M\u00fcnchen: Piper 1964 (US-Amerikan. Orig.-Ausg. 1963), S.16\/17.<\/p>\n<p>Abb.: Joane Cardinal Schubert: One little, two little, three little, 1987, Canadian Museum of Civilization. In: Zeitgen\u00f6ssische Kunst der Indianer und Eskimos in Kanada, Stuttgart: Cantz 1988.<\/p><\/blockquote>\n<p style=\"text-align: right;\">05\/17<\/p>\n","protected":false},"excerpt":{"rendered":"<p>&#8220;Zwar ist sich alle Welt nachgerade dar\u00fcber einig, da\u00df das, was in Auschwitz geschah, beispiellos ist; aber die Kategorien, mit denen dies Beispiellose nun politisch und juristisch erfa\u00dfbar ist, sind immer noch g\u00e4nzlich ungekl\u00e4rt. Denn der hierf\u00fcr neuerdings eingef\u00fchrte Begriff des V\u00f6lkermords (Genocide) ist zwar in gewissem Sinne zutreffend, aber nicht ausreichend, schon weil V\u00f6lkermorde [&hellip;]<\/p>\n","protected":false},"author":1,"featured_media":0,"comment_status":"closed","ping_status":"closed","sticky":false,"template":"","format":"standard","meta":[],"categories":[6,3],"tags":[],"_links":{"self":[{"href":"https:\/\/www.woydt.be\/blog\/index.php?rest_route=\/wp\/v2\/posts\/787"}],"collection":[{"href":"https:\/\/www.woydt.be\/blog\/index.php?rest_route=\/wp\/v2\/posts"}],"about":[{"href":"https:\/\/www.woydt.be\/blog\/index.php?rest_route=\/wp\/v2\/types\/post"}],"author":[{"embeddable":true,"href":"https:\/\/www.woydt.be\/blog\/index.php?rest_route=\/wp\/v2\/users\/1"}],"replies":[{"embeddable":true,"href":"https:\/\/www.woydt.be\/blog\/index.php?rest_route=%2Fwp%2Fv2%2Fcomments&post=787"}],"version-history":[{"count":6,"href":"https:\/\/www.woydt.be\/blog\/index.php?rest_route=\/wp\/v2\/posts\/787\/revisions"}],"predecessor-version":[{"id":5397,"href":"https:\/\/www.woydt.be\/blog\/index.php?rest_route=\/wp\/v2\/posts\/787\/revisions\/5397"}],"wp:attachment":[{"href":"https:\/\/www.woydt.be\/blog\/index.php?rest_route=%2Fwp%2Fv2%2Fmedia&parent=787"}],"wp:term":[{"taxonomy":"category","embeddable":true,"href":"https:\/\/www.woydt.be\/blog\/index.php?rest_route=%2Fwp%2Fv2%2Fcategories&post=787"},{"taxonomy":"post_tag","embeddable":true,"href":"https:\/\/www.woydt.be\/blog\/index.php?rest_route=%2Fwp%2Fv2%2Ftags&post=787"}],"curies":[{"name":"wp","href":"https:\/\/api.w.org\/{rel}","templated":true}]}}