{"id":914,"date":"2018-03-23T01:12:49","date_gmt":"2018-03-22T23:12:49","guid":{"rendered":"http:\/\/www.woydt.be\/blog\/?p=914"},"modified":"2025-10-10T10:49:02","modified_gmt":"2025-10-10T09:49:02","slug":"ostseele","status":"publish","type":"post","link":"https:\/\/www.woydt.be\/blog\/?p=914","title":{"rendered":"Ostseele"},"content":{"rendered":"<p><img class=\"size-full wp-image-3647 aligncenter\" src=\"https:\/\/www.woydt.be\/blog\/wp-content\/uploads\/2018\/03\/900_Pawel-Kuczynski_unrest-pictorem.jpg\" alt=\"\" width=\"80%\" srcset=\"https:\/\/www.woydt.be\/blog\/wp-content\/uploads\/2018\/03\/900_Pawel-Kuczynski_unrest-pictorem.jpg 900w, https:\/\/www.woydt.be\/blog\/wp-content\/uploads\/2018\/03\/900_Pawel-Kuczynski_unrest-pictorem-300x207.jpg 300w, https:\/\/www.woydt.be\/blog\/wp-content\/uploads\/2018\/03\/900_Pawel-Kuczynski_unrest-pictorem-768x531.jpg 768w\" sizes=\"(max-width: 900px) 100vw, 900px\" \/><\/p>\n<p>&#8220;Man ist im ehemaligen <a href=\"https:\/\/www.woydt.be\/blog\/?p=5962\">Ostblock<\/a> in der tiefen \u00dcberzeugung vereint, sich f\u00fcr die westdeutsche <a href=\"https:\/\/www.woydt.be\/blog\/?p=784\">Selbstzerknirschung<\/a>, die Aufarbeitung des Nationalsozialismus, den <a href=\"https:\/\/www.woydt.be\/blog\/?p=461\">moralischen<\/a> \u00dcberschuss nicht zust\u00e4ndig zu f\u00fchlen. Der Osten sieht sich heute als das <a href=\"https:\/\/www.woydt.be\/blog\/?p=159\">Opfer<\/a>, das nach der Sch\u00e4ndung durch den NS-Staat und den <a href=\"https:\/\/www.woydt.be\/blog\/?p=101\">Kommunismus<\/a> auch noch einer frechen Gesinnungspr\u00fcfung ausgesetzt wird \u2013 eine dreifache Dem\u00fctigung. Man l\u00e4sst sich Derartiges nicht gefallen und w\u00e4hlt mit dem Stolz des <a href=\"https:\/\/www.woydt.be\/blog\/?p=563\">Beleidigten<\/a> die AfD oder PiS.&#8221;<\/p>\n<p>&#8220;Dem <a href=\"https:\/\/www.woydt.be\/blog\/?p=215\">Westdeutschen<\/a> &#8230; ist der <a href=\"https:\/\/www.woydt.be\/blog\/?p=58\">demokratische<\/a> <a href=\"https:\/\/www.woydt.be\/blog\/?p=21\">Staat<\/a> ein heiliger Ort der <a href=\"https:\/\/www.woydt.be\/blog\/?p=501\">Freiheit<\/a>. &#8230; [Der <a href=\"https:\/\/www.woydt.be\/blog\/?p=1356\">Ostmensch<\/a>] hingegen &#8230; steht in kritischer Distanz zu prinzipiell jeder Form von Staatlichkeit, weil sie sich ihm zuverl\u00e4ssig als vor\u00fcbergehende und fragile Erscheinung offenbart hat.&#8221;<\/p>\n<p>&#8220;Den Vorwurf, rechts zu sein, kennt er allzu gut aus der DDR: Unangepasst zu sein bedeutete sogleich, als Faschist gebrandmarkt zu werden. Warum er auch in der <a href=\"https:\/\/www.woydt.be\/blog\/?p=57\">Demokratie<\/a> als <a href=\"https:\/\/www.woydt.be\/blog\/?p=1067\">rechts<\/a> <i>gilt<\/i>, bleibt ihm so r\u00e4tselhaft wie den Westdeutschen, warum er blo\u00df so rechts <i>ist<\/i>. Der Ostmensch glaubt, durch seine vehemente <a href=\"https:\/\/www.woydt.be\/blog\/?p=311\">Kritik<\/a> f\u00fcr die Stabilit\u00e4t des <a href=\"https:\/\/www.woydt.be\/blog\/?p=349\">Staates<\/a> in der <a href=\"https:\/\/www.woydt.be\/blog\/?p=89\">globalisierten<\/a> <a href=\"https:\/\/www.woydt.be\/blog\/?p=526\">Fl\u00fcchtlingskrise<\/a> einzustehen &#8230;&#8221;<\/p>\n<p>&#8220;Die <a href=\"https:\/\/www.woydt.be\/blog\/?p=1654\">Spaltung<\/a> zwischen Ost und West entz\u00fcndet sich insgeheim an den unterschiedlichen Gr\u00fcndungsmythen &#8230;&#8221; &#8220;Der <a href=\"https:\/\/www.woydt.be\/blog\/?p=755\">Mensch<\/a> des einstigen Ostblocks begreift sich als [per Definition] durch und durch unschuldig. Er zehrt von einer jahrzehntelangen Staatsdoktrin. Sie besagte, dass der Westen <a href=\"https:\/\/www.woydt.be\/blog\/?p=33\">kapitalistisch<\/a> und faschistisch sei, man selbst aber <a href=\"https:\/\/www.woydt.be\/blog\/?p=190\">sozialistisch<\/a> und daher von vornherein <a href=\"https:\/\/www.woydt.be\/blog\/?p=41\">antifaschistisch<\/a>.&#8221;<\/p>\n<p>&#8220;Jedes Schulkind des Ostblocks <a href=\"https:\/\/www.woydt.be\/blog\/?p=1762\">lernte<\/a>, dass die extremste Form des <a href=\"https:\/\/www.woydt.be\/blog\/?p=33\">Kapitalismus<\/a> der Faschismus sei. &#8230; der eine oder andere d\u00fcrfte sich, ausreichend in <a href=\"https:\/\/www.woydt.be\/blog\/?p=189\">sozialistischer<\/a> Dialektik geschult, die <a href=\"https:\/\/www.woydt.be\/blog\/?p=17\">zynische<\/a> Frage stellen, ob es nicht seltsam sei, sich ausgerechnet von jenen, die f\u00fcr die Fluchtursachen durch jahrzehntelange Ausbeutung der Welt <a href=\"https:\/\/www.woydt.be\/blog\/?p=904\">verantwortlich<\/a> sind, sagen zu lassen, wie philanthropisch man zu sein habe. Wird man nicht einmal mehr gezwungen, etwas auszubaden, wof\u00fcr man gar nicht verantwortlich ist?&#8221;<\/p>\n<blockquote><p>aus: Adam Soboczynski: Der neue Ostblock, ZEIT-Online, 21.3.2018, (<a href=\"https:\/\/www.zeit.de\/2018\/13\/osteuropa-ostdeutschland-westliche-wahrnehmung-antifaschismus\/komplettansicht\">im Internet<\/a>), hier umgestellt.<\/p>\n<p>Abb.: Pawel Kuczynski: Unrest. <a href=\"https:\/\/www.pictorem.com\/41036\/unrest.html\">im Internet<\/a>.<\/p><\/blockquote>\n<p style=\"text-align: right;\">03\/18<\/p>\n","protected":false},"excerpt":{"rendered":"<p>&#8220;Man ist im ehemaligen Ostblock in der tiefen \u00dcberzeugung vereint, sich f\u00fcr die westdeutsche Selbstzerknirschung, die Aufarbeitung des Nationalsozialismus, den moralischen \u00dcberschuss nicht zust\u00e4ndig zu f\u00fchlen. Der Osten sieht sich heute als das Opfer, das nach der Sch\u00e4ndung durch den NS-Staat und den Kommunismus auch noch einer frechen Gesinnungspr\u00fcfung ausgesetzt wird \u2013 eine dreifache Dem\u00fctigung. [&hellip;]<\/p>\n","protected":false},"author":1,"featured_media":0,"comment_status":"closed","ping_status":"closed","sticky":false,"template":"","format":"standard","meta":[],"categories":[6,3],"tags":[],"_links":{"self":[{"href":"https:\/\/www.woydt.be\/blog\/index.php?rest_route=\/wp\/v2\/posts\/914"}],"collection":[{"href":"https:\/\/www.woydt.be\/blog\/index.php?rest_route=\/wp\/v2\/posts"}],"about":[{"href":"https:\/\/www.woydt.be\/blog\/index.php?rest_route=\/wp\/v2\/types\/post"}],"author":[{"embeddable":true,"href":"https:\/\/www.woydt.be\/blog\/index.php?rest_route=\/wp\/v2\/users\/1"}],"replies":[{"embeddable":true,"href":"https:\/\/www.woydt.be\/blog\/index.php?rest_route=%2Fwp%2Fv2%2Fcomments&post=914"}],"version-history":[{"count":8,"href":"https:\/\/www.woydt.be\/blog\/index.php?rest_route=\/wp\/v2\/posts\/914\/revisions"}],"predecessor-version":[{"id":5966,"href":"https:\/\/www.woydt.be\/blog\/index.php?rest_route=\/wp\/v2\/posts\/914\/revisions\/5966"}],"wp:attachment":[{"href":"https:\/\/www.woydt.be\/blog\/index.php?rest_route=%2Fwp%2Fv2%2Fmedia&parent=914"}],"wp:term":[{"taxonomy":"category","embeddable":true,"href":"https:\/\/www.woydt.be\/blog\/index.php?rest_route=%2Fwp%2Fv2%2Fcategories&post=914"},{"taxonomy":"post_tag","embeddable":true,"href":"https:\/\/www.woydt.be\/blog\/index.php?rest_route=%2Fwp%2Fv2%2Ftags&post=914"}],"curies":[{"name":"wp","href":"https:\/\/api.w.org\/{rel}","templated":true}]}}